{"id":8291,"date":"2019-03-01T02:00:28","date_gmt":"2019-03-01T01:00:28","guid":{"rendered":"https:\/\/peggytalk.peggy-forum.at\/?p=8291"},"modified":"2019-03-01T02:00:28","modified_gmt":"2019-03-01T01:00:28","slug":"der-freitags-fueller","status":"publish","type":"post","link":"https:\/\/peggytalk.peggy-forum.at\/?p=8291","title":{"rendered":"Der Freitags-F\u00fcller"},"content":{"rendered":"\n<p>Ich hab bei diesem Spiel, das es jede Woche bei <a href=\"http:\/\/ Wenn ihr mitspielen wollt, k\u00f6nnt ihr die Fragen gerne auf euren Blogs beantworten und im Kommentar verlinken. Oder aber ihr beantwortet direkt hier, wenn ihr keinen eigenen Blog habt oder keine Lust habt zu verlinken.\">BARBARA<\/a> gibt, lange nicht mehr mit gemacht. <br \/>Jetzt hat mich die Lust dazu wieder gepackt.<br \/>Und ich werde versuchen wieder \u00f6fters den Freitagsf\u00fcller, wie der Name schon sagt, auszuf\u00fcllen.<\/p>\n\n\n\n<div class=\"wp-block-image\"><figure class=\"aligncenter\"><img loading=\"lazy\" decoding=\"async\" width=\"500\" height=\"109\" src=\"https:\/\/peggytalk.peggy-forum.at\/wp-content\/uploads\/2019\/03\/freitagsfueller.jpg\" alt=\"\" class=\"wp-image-8292\" srcset=\"https:\/\/peggytalk.peggy-forum.at\/wp-content\/uploads\/2019\/03\/freitagsfueller.jpg 500w, https:\/\/peggytalk.peggy-forum.at\/wp-content\/uploads\/2019\/03\/freitagsfueller-300x65.jpg 300w, https:\/\/peggytalk.peggy-forum.at\/wp-content\/uploads\/2019\/03\/freitagsfueller-150x33.jpg 150w, https:\/\/peggytalk.peggy-forum.at\/wp-content\/uploads\/2019\/03\/freitagsfueller-200x44.jpg 200w\" sizes=\"(max-width: 500px) 100vw, 500px\" \/><\/figure><\/div>\n\n\n\n<p>1. Die Kombination<strong> von hell und dunkel macht sich auf Fotos besonders gu<\/strong>t.<\/p>\n\n\n\n<p>2. <strong>Manche Wortmeldungen in der Politik <\/strong>sind \u00fcberfl\u00fcssig.<\/p>\n\n\n\n<p>3.\u00a0 Pizza <strong>mit K\u00e4se kann ich leider nicht essen.<\/strong><\/p>\n\n\n\n<p>4.\u00a0 <strong>Hier sagt man nicht<\/strong> Karneval, denn <strong>in Wien ist das der Fasching<\/strong><\/p>\n\n\n\n<p>5.\u00a0 Ich sag besser nicht, <strong>was ich von manchen jungen Eltern denke<\/strong>.<\/p>\n\n\n\n<p>6.\u00a0\u00a0<strong> Die Sonne<\/strong> \u00a0w\u00e4rmt mich bei diesem Wetter.<\/p>\n\n\n\n<p>7. Was das Wochenende angeht, heute Abend freue ich mich <strong>auf ein gutes Essen <\/strong>, morgen habe ich geplant, <strong>endlich den Wasserhahn zu reparieren\u00a0 <\/strong>und Sonntag m\u00f6chte ich <strong>gerne richtig ausschlafen !<\/strong><\/p>\n\n\n\n<p style=\"text-align:center\"><strong>Ich w\u00fcnsche einen sch\u00f6nen Freitag !<\/strong><\/p>\n\n\n\n<p>Zur Info: Die fett geschriebenen Worte sind meine F\u00fcller, die normal geschriebenen Worte sind von Barbara vorgegeben.<\/p>\n","protected":false},"excerpt":{"rendered":"<p>Ich hab bei diesem Spiel, das es jede Woche bei BARBARA gibt, lange nicht mehr mit gemacht. Jetzt hat mich die Lust dazu wieder gepackt.Und ich werde versuchen wieder \u00f6fters den Freitagsf\u00fcller, wie der Name schon sagt, auszuf\u00fcllen. 1. Die Kombination von hell und dunkel macht sich auf Fotos besonders gut. 2. Manche Wortmeldungen in der Politik sind \u00fcberfl\u00fcssig. 3.\u00a0<\/p>\n","protected":false},"author":1,"featured_media":0,"comment_status":"open","ping_status":"open","sticky":false,"template":"","format":"standard","meta":{"footnotes":""},"categories":[238],"tags":[726,723,724,725,247],"post_mailing_queue_ids":[],"_links":{"self":[{"href":"https:\/\/peggytalk.peggy-forum.at\/index.php?rest_route=\/wp\/v2\/posts\/8291"}],"collection":[{"href":"https:\/\/peggytalk.peggy-forum.at\/index.php?rest_route=\/wp\/v2\/posts"}],"about":[{"href":"https:\/\/peggytalk.peggy-forum.at\/index.php?rest_route=\/wp\/v2\/types\/post"}],"author":[{"embeddable":true,"href":"https:\/\/peggytalk.peggy-forum.at\/index.php?rest_route=\/wp\/v2\/users\/1"}],"replies":[{"embeddable":true,"href":"https:\/\/peggytalk.peggy-forum.at\/index.php?rest_route=%2Fwp%2Fv2%2Fcomments&post=8291"}],"version-history":[{"count":4,"href":"https:\/\/peggytalk.peggy-forum.at\/index.php?rest_route=\/wp\/v2\/posts\/8291\/revisions"}],"predecessor-version":[{"id":8297,"href":"https:\/\/peggytalk.peggy-forum.at\/index.php?rest_route=\/wp\/v2\/posts\/8291\/revisions\/8297"}],"wp:attachment":[{"href":"https:\/\/peggytalk.peggy-forum.at\/index.php?rest_route=%2Fwp%2Fv2%2Fmedia&parent=8291"}],"wp:term":[{"taxonomy":"category","embeddable":true,"href":"https:\/\/peggytalk.peggy-forum.at\/index.php?rest_route=%2Fwp%2Fv2%2Fcategories&post=8291"},{"taxonomy":"post_tag","embeddable":true,"href":"https:\/\/peggytalk.peggy-forum.at\/index.php?rest_route=%2Fwp%2Fv2%2Ftags&post=8291"}],"curies":[{"name":"wp","href":"https:\/\/api.w.org\/{rel}","templated":true}]}}