{"id":8042,"date":"2019-02-10T08:07:12","date_gmt":"2019-02-10T07:07:12","guid":{"rendered":"https:\/\/peggytalk.peggy-forum.at\/?p=8042"},"modified":"2019-02-10T11:49:53","modified_gmt":"2019-02-10T10:49:53","slug":"das-sonntags-foto","status":"publish","type":"post","link":"https:\/\/peggytalk.peggy-forum.at\/?p=8042","title":{"rendered":"Das Sonntags-Foto"},"content":{"rendered":"<p><img loading=\"lazy\" decoding=\"async\" class=\"aligncenter size-full wp-image-8043\" src=\"https:\/\/peggytalk.peggy-forum.at\/wp-content\/uploads\/2019\/02\/IMG_7715-e1549738677447.jpg\" alt=\"\" width=\"700\" height=\"503\" \/><\/p>\n<p>Dieser *Leuchtturm* steht in Wien auf der Donauinsel.<\/p>\n<p>Der Leuchtturm war Teil der Kulisse der Bregenzer Festspielb\u00fchne 1989 und 1990. Er war Teil des B\u00fchnenbildes des \u201eDer fliegende Holl\u00e4nder\u201c von Richard Wagner.<\/p>\n<p>Nach\u00a0 1991 wurde eine andere Oper auf der B\u00fchne in Bregenz gezeigt und somit war der Leuchtturm \u00fcberfl\u00fcssig.<br \/>\nEr wurde zerlegt und nach Wien transportiert, wo er 1991 anl\u00e4sslich einer\u00a0 Ausstellung\u00a0 vor dem Technischen Museum Wien aufgebaut wurde.<br \/>\n1997 wurde er abermals zerlegt und an seinen heutigen Standort auf die Donauinsel gebracht.<\/p>\n<p>Quelle: Wikipedia<\/p>\n<p>&nbsp;<\/p>\n","protected":false},"excerpt":{"rendered":"<p>Dieser *Leuchtturm* steht in Wien auf der Donauinsel. Der Leuchtturm war Teil der Kulisse der Bregenzer Festspielb\u00fchne 1989 und 1990. Er war Teil des B\u00fchnenbildes des \u201eDer fliegende Holl\u00e4nder\u201c von Richard Wagner. Nach\u00a0 1991 wurde eine andere Oper auf der B\u00fchne in Bregenz gezeigt und somit war der Leuchtturm \u00fcberfl\u00fcssig. Er wurde zerlegt und nach Wien transportiert, wo er 1991<\/p>\n","protected":false},"author":1,"featured_media":0,"comment_status":"open","ping_status":"open","sticky":false,"template":"","format":"standard","meta":{"footnotes":""},"categories":[237,233],"tags":[644,646,643,645,642,247],"post_mailing_queue_ids":[],"_links":{"self":[{"href":"https:\/\/peggytalk.peggy-forum.at\/index.php?rest_route=\/wp\/v2\/posts\/8042"}],"collection":[{"href":"https:\/\/peggytalk.peggy-forum.at\/index.php?rest_route=\/wp\/v2\/posts"}],"about":[{"href":"https:\/\/peggytalk.peggy-forum.at\/index.php?rest_route=\/wp\/v2\/types\/post"}],"author":[{"embeddable":true,"href":"https:\/\/peggytalk.peggy-forum.at\/index.php?rest_route=\/wp\/v2\/users\/1"}],"replies":[{"embeddable":true,"href":"https:\/\/peggytalk.peggy-forum.at\/index.php?rest_route=%2Fwp%2Fv2%2Fcomments&post=8042"}],"version-history":[{"count":1,"href":"https:\/\/peggytalk.peggy-forum.at\/index.php?rest_route=\/wp\/v2\/posts\/8042\/revisions"}],"predecessor-version":[{"id":8044,"href":"https:\/\/peggytalk.peggy-forum.at\/index.php?rest_route=\/wp\/v2\/posts\/8042\/revisions\/8044"}],"wp:attachment":[{"href":"https:\/\/peggytalk.peggy-forum.at\/index.php?rest_route=%2Fwp%2Fv2%2Fmedia&parent=8042"}],"wp:term":[{"taxonomy":"category","embeddable":true,"href":"https:\/\/peggytalk.peggy-forum.at\/index.php?rest_route=%2Fwp%2Fv2%2Fcategories&post=8042"},{"taxonomy":"post_tag","embeddable":true,"href":"https:\/\/peggytalk.peggy-forum.at\/index.php?rest_route=%2Fwp%2Fv2%2Ftags&post=8042"}],"curies":[{"name":"wp","href":"https:\/\/api.w.org\/{rel}","templated":true}]}}