{"id":8030,"date":"2019-02-09T09:45:56","date_gmt":"2019-02-09T08:45:56","guid":{"rendered":"https:\/\/peggytalk.peggy-forum.at\/?p=8030"},"modified":"2019-02-09T10:42:40","modified_gmt":"2019-02-09T09:42:40","slug":"ich-weiss-nicht-wie-es-euch-geht","status":"publish","type":"post","link":"https:\/\/peggytalk.peggy-forum.at\/?p=8030","title":{"rendered":"Ich wei\u00df nicht, wie es euch geht&#8230;."},"content":{"rendered":"<p>&#8230;. aber ich sehne mich schon sehr nach dem Fr\u00fchling.<\/p>\n<p>Schon klar, es ist noch nicht mal Mitte Februar, trotzdem freue ich mich \u00fcber jeden Sonnenstrahl.<br \/>\nIch w\u00fcrde auch schon so gerne wieder neue Fr\u00fchlingsfotos machen, da eine frisch aufgebl\u00fchte Blume, dort eine Bl\u00fcte auf einem Obstbaum.<br \/>\nDiese Zeit genie\u00dfe ich immer sehr und freu mich daher auch schon richtig drauf.<br \/>\nWenn ich dann am Morgen aus dem Fenster schau und es ist wieder grau in grau, obwohl die Wettertante am Vorabend, strahlend blauen Himmel versprochen hat, bin ich richtig entt\u00e4uscht.<\/p>\n<p><img loading=\"lazy\" decoding=\"async\" class=\"aligncenter size-full wp-image-8031\" src=\"https:\/\/peggytalk.peggy-forum.at\/wp-content\/uploads\/2019\/02\/IMG_7438-e1549701721709.jpg\" alt=\"\" width=\"500\" height=\"333\" \/><\/p>\n<p>Das Foto zeigt eine *Stinkende Nieswurz* , die hab ich am Donnerstag im Botanischen Garten fotografiert und die hat, f\u00fcr mich einen Hauch von Fr\u00fchling verspr\u00fcht und hat gar nicht gestunken *gg*. Immerhin die bl\u00fcht schon fast.<\/p>\n<p>Also hoffen wir, dass es in ein paar Tagen, maximal Wochen, mehr an Bl\u00fcten geben wird und dass dann der Fr\u00fchling tats\u00e4chlich kommt.<\/p>\n","protected":false},"excerpt":{"rendered":"<p>&#8230;. aber ich sehne mich schon sehr nach dem Fr\u00fchling. Schon klar, es ist noch nicht mal Mitte Februar, trotzdem freue ich mich \u00fcber jeden Sonnenstrahl. Ich w\u00fcrde auch schon so gerne wieder neue Fr\u00fchlingsfotos machen, da eine frisch aufgebl\u00fchte Blume, dort eine Bl\u00fcte auf einem Obstbaum. Diese Zeit genie\u00dfe ich immer sehr und freu mich daher auch schon richtig<\/p>\n","protected":false},"author":1,"featured_media":0,"comment_status":"open","ping_status":"open","sticky":false,"template":"","format":"standard","meta":{"footnotes":""},"categories":[207,233,236,342],"tags":[639,638,222,641,637,640,249],"post_mailing_queue_ids":[],"_links":{"self":[{"href":"https:\/\/peggytalk.peggy-forum.at\/index.php?rest_route=\/wp\/v2\/posts\/8030"}],"collection":[{"href":"https:\/\/peggytalk.peggy-forum.at\/index.php?rest_route=\/wp\/v2\/posts"}],"about":[{"href":"https:\/\/peggytalk.peggy-forum.at\/index.php?rest_route=\/wp\/v2\/types\/post"}],"author":[{"embeddable":true,"href":"https:\/\/peggytalk.peggy-forum.at\/index.php?rest_route=\/wp\/v2\/users\/1"}],"replies":[{"embeddable":true,"href":"https:\/\/peggytalk.peggy-forum.at\/index.php?rest_route=%2Fwp%2Fv2%2Fcomments&post=8030"}],"version-history":[{"count":3,"href":"https:\/\/peggytalk.peggy-forum.at\/index.php?rest_route=\/wp\/v2\/posts\/8030\/revisions"}],"predecessor-version":[{"id":8041,"href":"https:\/\/peggytalk.peggy-forum.at\/index.php?rest_route=\/wp\/v2\/posts\/8030\/revisions\/8041"}],"wp:attachment":[{"href":"https:\/\/peggytalk.peggy-forum.at\/index.php?rest_route=%2Fwp%2Fv2%2Fmedia&parent=8030"}],"wp:term":[{"taxonomy":"category","embeddable":true,"href":"https:\/\/peggytalk.peggy-forum.at\/index.php?rest_route=%2Fwp%2Fv2%2Fcategories&post=8030"},{"taxonomy":"post_tag","embeddable":true,"href":"https:\/\/peggytalk.peggy-forum.at\/index.php?rest_route=%2Fwp%2Fv2%2Ftags&post=8030"}],"curies":[{"name":"wp","href":"https:\/\/api.w.org\/{rel}","templated":true}]}}