{"id":7203,"date":"2018-01-20T17:59:18","date_gmt":"2018-01-20T16:59:18","guid":{"rendered":"http:\/\/peggytalk.peggy-forum.at\/?p=7203"},"modified":"2018-01-20T17:59:18","modified_gmt":"2018-01-20T16:59:18","slug":"wir-bekommen-zuwachs-das-fraeulein-yvi","status":"publish","type":"post","link":"https:\/\/peggytalk.peggy-forum.at\/?p=7203","title":{"rendered":"Wir bekommen Zuwachs &#8211; Das Fr\u00e4ulein Yvi"},"content":{"rendered":"<div id=\"attachment_7208\" style=\"width: 229px\" class=\"wp-caption alignleft\"><img loading=\"lazy\" decoding=\"async\" aria-describedby=\"caption-attachment-7208\" class=\"wp-image-7208 size-full\" src=\"http:\/\/peggytalk.peggy-forum.at\/wp-content\/uploads\/2018\/01\/ivy-kl.jpg\" alt=\"\" width=\"219\" height=\"250\" srcset=\"https:\/\/peggytalk.peggy-forum.at\/wp-content\/uploads\/2018\/01\/ivy-kl.jpg 219w, https:\/\/peggytalk.peggy-forum.at\/wp-content\/uploads\/2018\/01\/ivy-kl-131x150.jpg 131w, https:\/\/peggytalk.peggy-forum.at\/wp-content\/uploads\/2018\/01\/ivy-kl-175x200.jpg 175w\" sizes=\"(max-width: 219px) 100vw, 219px\" \/><p id=\"caption-attachment-7208\" class=\"wp-caption-text\">Zeichnung: Dominik Voss<\/p><\/div>\n<p>Darf ich vorstellen &#8211;<strong> Fr\u00e4ulein Yvi&#8230;.<\/strong><\/p>\n<p>Yvi hei\u00dft eigentlich Yvonne, aber ihre Gro\u00dfmutter, die sie nie Oma nennen durfte, sondern immer nur Gro\u00dfmutti, nannte sie nur Yvchen.<br \/>\nAls das Yvchen dann in die Schule kam und hoffte, dass man sie jetzt endlich Yvonne nennen w\u00fcrde, war da noch eine andere Yvonne und ihre Cousine, die Anna, die von der Gro\u00dfmutti nur Annchen, gerufen wurde, verriet vorlaut, dass man zu ihr ohnehin nur Yvi sagen w\u00fcrde und schon war es geschehen, in der Klasse war sie nun auch nur noch die Yvi.<br \/>\nUnd so blieb das Yvi an ihr kleben, wie Kaugummi.<br \/>\nInzwischen war Yvi erwachsen und geht ihrer Wege, die Gro\u00dfmutti ist immer noch ein wichtiger Mensch in ihrem Leben, vor allem seit der Gro\u00dfvati gestorben ist. Yvis Eltern sind weit weg, nach Canada gezogen, da war Yvi grad noch in der Ausbildung und somit ist sie bei der Gro\u00dfmutti geblieben.<br \/>\nNach dem Studium hat die Gro\u00dfmutti ihr und Anna eine kleine Wohnung finanziert.<br \/>\nGro\u00df genug, dass die beiden M\u00e4dchen, inzwischen junge Frauen, bequem darin leben k\u00f6nnen.<br \/>\nJede hat ihr eigenes Zimmer und ein gro\u00dfes Wohnzimmer mit K\u00fcche, als Raum f\u00fcr beide und Bad und WC werden nat\u00fcrlich auch gemeinsam benutzt.<br \/>\nBeide haben zwar ab und zu mal eine m\u00e4nnliche Bekanntschaft, aber keinen Partner f\u00fcrs Leben.<br \/>\nFrl.Yvi, wie sie jetzt meist genannt wird, arbeitet in einer Anwaltskanzlei, und ist dem s\u00fc\u00dfen Leben nicht abgeneigt, wobei sich das auf ihre Naschlade beschr\u00e4nkt.<br \/>\nDaher hat Frl. Yvi auch einiges an Gewicht zu viel und steckt st\u00e4ndig in irgendwelchen Di\u00e4ten, von denen die superschlanke Anna behauptet, dass die sie nur noch dicker machen w\u00fcrden.<br \/>\nDie Gro\u00dfmutti sch\u00fcttelt bei jedem Besuch den Kopf und meint immer, &#8220;Yvchen du musst unbedingt abnehmen&#8221;<br \/>\nDas wei\u00df das Frl.Yvi ja selbst, aber das war gar nicht so einfach, wenn Frau Superschlank, sprich Anna, beim Fernsehen, eine Tafel Schokolade oder eine Packung Kekse verschlang und sie daneben sitzt und zusehen sollte.<br \/>\nAber das Frl. Yvi ist guten Mutes und will es der Gro\u00dfmutti und dem Annchen zeigen, sie ist wild entschlossen abzunehmen.<br \/>\nVielleicht wird es dann ja auch etwas mit dem Mann f\u00fcrs Leben.<\/p>\n<p>Dabei und bei vielen anderen Dingen werden wir dem Frl. Yvi zusehen.<\/p>\n","protected":false},"excerpt":{"rendered":"<p>Darf ich vorstellen &#8211; Fr\u00e4ulein Yvi&#8230;. Yvi hei\u00dft eigentlich Yvonne, aber ihre Gro\u00dfmutter, die sie nie Oma nennen durfte, sondern immer nur Gro\u00dfmutti, nannte sie nur Yvchen. Als das Yvchen dann in die Schule kam und hoffte, dass man sie jetzt endlich Yvonne nennen w\u00fcrde, war da noch eine andere Yvonne und ihre Cousine, die Anna, die von der Gro\u00dfmutti<\/p>\n","protected":false},"author":1,"featured_media":0,"comment_status":"open","ping_status":"open","sticky":false,"template":"","format":"standard","meta":{"footnotes":""},"categories":[1],"tags":[],"post_mailing_queue_ids":[],"_links":{"self":[{"href":"https:\/\/peggytalk.peggy-forum.at\/index.php?rest_route=\/wp\/v2\/posts\/7203"}],"collection":[{"href":"https:\/\/peggytalk.peggy-forum.at\/index.php?rest_route=\/wp\/v2\/posts"}],"about":[{"href":"https:\/\/peggytalk.peggy-forum.at\/index.php?rest_route=\/wp\/v2\/types\/post"}],"author":[{"embeddable":true,"href":"https:\/\/peggytalk.peggy-forum.at\/index.php?rest_route=\/wp\/v2\/users\/1"}],"replies":[{"embeddable":true,"href":"https:\/\/peggytalk.peggy-forum.at\/index.php?rest_route=%2Fwp%2Fv2%2Fcomments&post=7203"}],"version-history":[{"count":7,"href":"https:\/\/peggytalk.peggy-forum.at\/index.php?rest_route=\/wp\/v2\/posts\/7203\/revisions"}],"predecessor-version":[{"id":7212,"href":"https:\/\/peggytalk.peggy-forum.at\/index.php?rest_route=\/wp\/v2\/posts\/7203\/revisions\/7212"}],"wp:attachment":[{"href":"https:\/\/peggytalk.peggy-forum.at\/index.php?rest_route=%2Fwp%2Fv2%2Fmedia&parent=7203"}],"wp:term":[{"taxonomy":"category","embeddable":true,"href":"https:\/\/peggytalk.peggy-forum.at\/index.php?rest_route=%2Fwp%2Fv2%2Fcategories&post=7203"},{"taxonomy":"post_tag","embeddable":true,"href":"https:\/\/peggytalk.peggy-forum.at\/index.php?rest_route=%2Fwp%2Fv2%2Ftags&post=7203"}],"curies":[{"name":"wp","href":"https:\/\/api.w.org\/{rel}","templated":true}]}}