{"id":6629,"date":"2016-10-03T13:34:49","date_gmt":"2016-10-03T11:34:49","guid":{"rendered":"http:\/\/peggytalk.peggy-forum.at\/?p=6629"},"modified":"2016-10-04T14:11:19","modified_gmt":"2016-10-04T12:11:19","slug":"was-uns-alle-interessiert-03-10-2016","status":"publish","type":"post","link":"https:\/\/peggytalk.peggy-forum.at\/?p=6629","title":{"rendered":"Was wir schon immer wissen wollten &#8211; 03.10.2016"},"content":{"rendered":"<p>Dann will ich doch gleich mal mit der neuen Rubrik anfangen.<\/p>\n<p><strong>Mir geht es heute um Nahrungsmittelunvertr\u00e4glichkeiten.<\/strong><br \/>\nDie nehmen leider immer mehr zu, nahezu jeder zweite Mensch ist entweder allergisch oder vertr\u00e4gt zumindest manche Lebensmittel nicht.<br \/>\nIch selbst hab eine Milcheiwei\u00dfunvertr\u00e4glichkeit, leicht zu verwechseln mit Laktoseintoleranz.<br \/>\nIst aber ganz anders.<br \/>\nIch weiche auf Soja-und auf vegane Produkte aus. Damit komme ich eigentlich ganz gut zurecht.<\/p>\n<p><img loading=\"lazy\" decoding=\"async\" class=\"alignleft size-full wp-image-5489\" src=\"http:\/\/peggytalk.peggy-forum.at\/wp-content\/uploads\/2016\/01\/Fragezeichen1.jpg\" alt=\"Fragezeichen1\" width=\"80\" height=\"109\" \/><strong><em><\/em><\/strong> Wie ist das bei euch ?<br \/>\n<strong><\/strong> Habt ihr selbst Allergien oder Unvertr\u00e4glichkeiten oder jemand in eurer Familie ?<br \/>\n<strong><em><\/em><\/strong> Wie geht ihr damit um und wie kommt der Betroffene damit zurecht ?<br \/>\n<strong><\/strong> Was nehmt ihr an, woher diese Zunahme an Unvertr\u00e4glichkeiten, oft gegen ganz normale Nahrungsmittel, wie eben Milch, kommen kann ?<\/p>\n","protected":false},"excerpt":{"rendered":"<p>Dann will ich doch gleich mal mit der neuen Rubrik anfangen. Mir geht es heute um Nahrungsmittelunvertr\u00e4glichkeiten. Die nehmen leider immer mehr zu, nahezu jeder zweite Mensch ist entweder allergisch oder vertr\u00e4gt zumindest manche Lebensmittel nicht. Ich selbst hab eine Milcheiwei\u00dfunvertr\u00e4glichkeit, leicht zu verwechseln mit Laktoseintoleranz. Ist aber ganz anders. Ich weiche auf Soja-und auf vegane Produkte aus. Damit komme<\/p>\n","protected":false},"author":1,"featured_media":0,"comment_status":"open","ping_status":"open","sticky":false,"template":"","format":"standard","meta":{"footnotes":""},"categories":[418],"tags":[],"post_mailing_queue_ids":[],"_links":{"self":[{"href":"https:\/\/peggytalk.peggy-forum.at\/index.php?rest_route=\/wp\/v2\/posts\/6629"}],"collection":[{"href":"https:\/\/peggytalk.peggy-forum.at\/index.php?rest_route=\/wp\/v2\/posts"}],"about":[{"href":"https:\/\/peggytalk.peggy-forum.at\/index.php?rest_route=\/wp\/v2\/types\/post"}],"author":[{"embeddable":true,"href":"https:\/\/peggytalk.peggy-forum.at\/index.php?rest_route=\/wp\/v2\/users\/1"}],"replies":[{"embeddable":true,"href":"https:\/\/peggytalk.peggy-forum.at\/index.php?rest_route=%2Fwp%2Fv2%2Fcomments&post=6629"}],"version-history":[{"count":2,"href":"https:\/\/peggytalk.peggy-forum.at\/index.php?rest_route=\/wp\/v2\/posts\/6629\/revisions"}],"predecessor-version":[{"id":6631,"href":"https:\/\/peggytalk.peggy-forum.at\/index.php?rest_route=\/wp\/v2\/posts\/6629\/revisions\/6631"}],"wp:attachment":[{"href":"https:\/\/peggytalk.peggy-forum.at\/index.php?rest_route=%2Fwp%2Fv2%2Fmedia&parent=6629"}],"wp:term":[{"taxonomy":"category","embeddable":true,"href":"https:\/\/peggytalk.peggy-forum.at\/index.php?rest_route=%2Fwp%2Fv2%2Fcategories&post=6629"},{"taxonomy":"post_tag","embeddable":true,"href":"https:\/\/peggytalk.peggy-forum.at\/index.php?rest_route=%2Fwp%2Fv2%2Ftags&post=6629"}],"curies":[{"name":"wp","href":"https:\/\/api.w.org\/{rel}","templated":true}]}}