{"id":6182,"date":"2016-02-29T13:13:24","date_gmt":"2016-02-29T12:13:24","guid":{"rendered":"http:\/\/peggytalk.peggy-forum.at\/?p=6182"},"modified":"2016-02-25T13:13:38","modified_gmt":"2016-02-25T12:13:38","slug":"im-cafe-oper","status":"publish","type":"post","link":"https:\/\/peggytalk.peggy-forum.at\/?p=6182","title":{"rendered":"Im Cafe Oper"},"content":{"rendered":"<p>Jahrelang m\u00f6chte ich schon immer mal wieder so gerne ins Cafe Oper gehen.<\/p>\n<div id=\"attachment_6183\" style=\"width: 310px\" class=\"wp-caption alignright\"><img loading=\"lazy\" decoding=\"async\" aria-describedby=\"caption-attachment-6183\" class=\"size-medium wp-image-6183\" src=\"http:\/\/peggytalk.peggy-forum.at\/wp-content\/uploads\/2016\/02\/cafeoper2-300x200.jpg\" alt=\"Cafe Oper Foto: J\u00f6rg Voss\" width=\"300\" height=\"200\" \/><p id=\"caption-attachment-6183\" class=\"wp-caption-text\">Cafe Oper<br \/>Foto: J\u00f6rg Voss<\/p><\/div>\n<p>Bisher hab ichs immer nur bis in den Schanigarten geschafft.<br \/>\nDort sitzt man im Sommer besonders genial. Man kann da wunderbar die Touristen und die Wiener-Leut beobachten.<br \/>\nNur jetzt ist es noch Winter, egal wie das Wetter auch ist, laut Vorschrift darf ein Schanigarten erst ab Mitte M\u00e4rz aufmachen. also hinein, in die warme Stube.<br \/>\nDas Lokal ist relativ klein, ich habs mir, warum auch immer viel gr\u00f6\u00dfer vorgestellt.<br \/>\nUnd ich hatte an dem Sonntag die Bef\u00fcrchtung, dass wir da gar keinen Platz bekommen k\u00f6nnten.<\/p>\n<p>Das Cafe\u00a0liegt ein wenig verschwiegen, direkt im Operngeb\u00e4ude. Es gibt viele Wiener die das Lokal gar nicht kennen und es daher auch noch nie besucht haben.<br \/>\nWir haben an einem der kleinen Tischchen Platz genommen und ein sehr freundlicher Kellner kam auch schnell und nahm die Bestellung auf.<\/p>\n<p><img loading=\"lazy\" decoding=\"async\" class=\"alignleft size-medium wp-image-6186\" src=\"http:\/\/peggytalk.peggy-forum.at\/wp-content\/uploads\/2016\/02\/IMG_8788-300x183.jpg\" alt=\"IMG_8788\" width=\"300\" height=\"183\" srcset=\"https:\/\/peggytalk.peggy-forum.at\/wp-content\/uploads\/2016\/02\/IMG_8788.jpg 300w, https:\/\/peggytalk.peggy-forum.at\/wp-content\/uploads\/2016\/02\/IMG_8788-200x122.jpg 200w, https:\/\/peggytalk.peggy-forum.at\/wp-content\/uploads\/2016\/02\/IMG_8788-150x92.jpg 150w\" sizes=\"(max-width: 300px) 100vw, 300px\" \/><br \/>\nDer Kaffee, in einem kleinen\u00a0roten T\u00e4sschen, schmeckte ausgezeichnet, was bei der Marke Julius Meinl auch kein Wunder ist. Nat\u00fcrlich wurde er mit dem typischen Glas Wasser serviert.<br \/>\nAuch meine, nachtr\u00e4glich bestellte Opern-Schnitte, eine Schokoladenschnitte hat er mir schnellstens serviert.<br \/>\nAuch \u00fcber diese K\u00f6stlichkeit kann man nur erfreut sein.<\/p>\n<p>Auf einem gro\u00dfen Bildschirm sah man Ausschnitte aus diversen Opernauff\u00fchrungen, die Musik war aber sehr leise gestellt, man konnte sich nebenbei sehr gut unterhalten.<br \/>\nDie auf den Tischen aufgestellte Speise- und Getr\u00e4nkekarte schaut wirklich sehr gut aus und war auch mit vielen k\u00f6stlichen Gerichten best\u00fcckt, die wir aber nicht probiert haben.<br \/>\nAus Erz\u00e4hlungen vernahm ich aber, dass die K\u00fcche dort ausgezeichnet sein soll.<br \/>\nBesonders die diversen Fr\u00fchst\u00fccksvariationen wurden da sehr gelobt.<br \/>\nZu einem besonderen Anlass werden wir uns dort das Champagner-Fr\u00fchst\u00fcck g\u00f6nnen.<\/p>\n<div id=\"attachment_6187\" style=\"width: 310px\" class=\"wp-caption alignright\"><img loading=\"lazy\" decoding=\"async\" aria-describedby=\"caption-attachment-6187\" class=\"size-medium wp-image-6187\" src=\"http:\/\/peggytalk.peggy-forum.at\/wp-content\/uploads\/2016\/02\/cafeoper1-300x200.jpg\" alt=\"Champagner Foto: J\u00f6rg Voss\" width=\"300\" height=\"200\" \/><p id=\"caption-attachment-6187\" class=\"wp-caption-text\">Champagner<br \/>Foto: J\u00f6rg Voss<\/p><\/div>\n<p>Man kann wochentags t\u00e4glich ein sehr nettes Men\u00fc um einen moderaten Preis bestellen.<br \/>\nDas Publikum war durchaus gemischt, allerdings waren deutlich weniger Touristen anwesend als in anderen Lokalen.<br \/>\nDas liegt vielleicht auch an der Lage des Lokals, dass es von den Touristen eher \u00fcbersehen wird.<\/p>\n<p>Im Sommer, wenn die Korbst\u00fchle drau\u00dfen stehen und die Schirme aufgespannt sind, werden bestimmt viele Touristen dieses Lokal bev\u00f6lkern.<\/p>\n<p>&nbsp;<\/p>\n","protected":false},"excerpt":{"rendered":"<p>Jahrelang m\u00f6chte ich schon immer mal wieder so gerne ins Cafe Oper gehen. Bisher hab ichs immer nur bis in den Schanigarten geschafft. Dort sitzt man im Sommer besonders genial. Man kann da wunderbar die Touristen und die Wiener-Leut beobachten. Nur jetzt ist es noch Winter, egal wie das Wetter auch ist, laut Vorschrift darf ein Schanigarten erst ab Mitte<\/p>\n","protected":false},"author":1,"featured_media":0,"comment_status":"open","ping_status":"open","sticky":false,"template":"","format":"standard","meta":{"footnotes":""},"categories":[1],"tags":[],"post_mailing_queue_ids":[],"_links":{"self":[{"href":"https:\/\/peggytalk.peggy-forum.at\/index.php?rest_route=\/wp\/v2\/posts\/6182"}],"collection":[{"href":"https:\/\/peggytalk.peggy-forum.at\/index.php?rest_route=\/wp\/v2\/posts"}],"about":[{"href":"https:\/\/peggytalk.peggy-forum.at\/index.php?rest_route=\/wp\/v2\/types\/post"}],"author":[{"embeddable":true,"href":"https:\/\/peggytalk.peggy-forum.at\/index.php?rest_route=\/wp\/v2\/users\/1"}],"replies":[{"embeddable":true,"href":"https:\/\/peggytalk.peggy-forum.at\/index.php?rest_route=%2Fwp%2Fv2%2Fcomments&post=6182"}],"version-history":[{"count":2,"href":"https:\/\/peggytalk.peggy-forum.at\/index.php?rest_route=\/wp\/v2\/posts\/6182\/revisions"}],"predecessor-version":[{"id":6188,"href":"https:\/\/peggytalk.peggy-forum.at\/index.php?rest_route=\/wp\/v2\/posts\/6182\/revisions\/6188"}],"wp:attachment":[{"href":"https:\/\/peggytalk.peggy-forum.at\/index.php?rest_route=%2Fwp%2Fv2%2Fmedia&parent=6182"}],"wp:term":[{"taxonomy":"category","embeddable":true,"href":"https:\/\/peggytalk.peggy-forum.at\/index.php?rest_route=%2Fwp%2Fv2%2Fcategories&post=6182"},{"taxonomy":"post_tag","embeddable":true,"href":"https:\/\/peggytalk.peggy-forum.at\/index.php?rest_route=%2Fwp%2Fv2%2Ftags&post=6182"}],"curies":[{"name":"wp","href":"https:\/\/api.w.org\/{rel}","templated":true}]}}