{"id":4948,"date":"2015-07-19T13:22:34","date_gmt":"2015-07-19T11:22:34","guid":{"rendered":"http:\/\/peggytalk.peggy-forum.at\/?p=4948"},"modified":"2015-07-19T13:54:32","modified_gmt":"2015-07-19T11:54:32","slug":"die-harleys-sind-in-unserer-stadt","status":"publish","type":"post","link":"https:\/\/peggytalk.peggy-forum.at\/?p=4948","title":{"rendered":"Die Harleys sind in unserer Stadt"},"content":{"rendered":"<p>Dieses Wochenende finden in Wien die <strong>Vienna Harley Days 2015<\/strong> statt.<br \/>\nGestern fand die gro\u00dfe Tour rund um die Ringstra\u00dfe statt und wir waren dabei.<br \/>\nNein, nat\u00fcrlich nicht im Sattel einer Maschine, obwohl ich zugeben muss, dass mir das schon auch gefallen h\u00e4tte, aber wir waren mit der Cam dabei.<br \/>\nEin Wahnsinns-Feeling wenn diese tollen Maschinen im Pulk \u00fcber die Stra\u00dfe donnern.<br \/>\nUnd den Bikern hat es offenbar gro\u00dfen Spa\u00df gemacht.<\/p>\n<p><a href=\"http:\/\/peggytalk.peggy-forum.at\/wp-content\/uploads\/2015\/07\/20150718-IMG_8809.jpg\"><img loading=\"lazy\" decoding=\"async\" class=\"aligncenter size-full wp-image-4950\" src=\"http:\/\/peggytalk.peggy-forum.at\/wp-content\/uploads\/2015\/07\/20150718-IMG_8809.jpg\" alt=\"20150718-IMG_8809\" width=\"500\" height=\"333\" srcset=\"https:\/\/peggytalk.peggy-forum.at\/wp-content\/uploads\/2015\/07\/20150718-IMG_8809.jpg 500w, https:\/\/peggytalk.peggy-forum.at\/wp-content\/uploads\/2015\/07\/20150718-IMG_8809-300x200.jpg 300w, https:\/\/peggytalk.peggy-forum.at\/wp-content\/uploads\/2015\/07\/20150718-IMG_8809-225x150.jpg 225w, https:\/\/peggytalk.peggy-forum.at\/wp-content\/uploads\/2015\/07\/20150718-IMG_8809-150x100.jpg 150w\" sizes=\"(max-width: 500px) 100vw, 500px\" \/><\/a><\/p>\n<p>Das sah besonders witzig aus, denn mitten im Pulk der Harleyfahrer war eine Vespa und daneben eine Kawasaky, die sich k\u00f6stlich am\u00fcsiert haben.<\/p>\n<p><a href=\"http:\/\/peggytalk.peggy-forum.at\/wp-content\/uploads\/2015\/07\/20150718-IMG_8775.jpg\"><img loading=\"lazy\" decoding=\"async\" class=\"aligncenter size-full wp-image-4951\" src=\"http:\/\/peggytalk.peggy-forum.at\/wp-content\/uploads\/2015\/07\/20150718-IMG_8775.jpg\" alt=\"20150718-IMG_8775\" width=\"500\" height=\"333\" srcset=\"https:\/\/peggytalk.peggy-forum.at\/wp-content\/uploads\/2015\/07\/20150718-IMG_8775.jpg 500w, https:\/\/peggytalk.peggy-forum.at\/wp-content\/uploads\/2015\/07\/20150718-IMG_8775-300x200.jpg 300w, https:\/\/peggytalk.peggy-forum.at\/wp-content\/uploads\/2015\/07\/20150718-IMG_8775-225x150.jpg 225w, https:\/\/peggytalk.peggy-forum.at\/wp-content\/uploads\/2015\/07\/20150718-IMG_8775-150x100.jpg 150w\" sizes=\"(max-width: 500px) 100vw, 500px\" \/><\/a><\/p>\n<p style=\"text-align: center;\">5000 Motorr\u00e4der, das war absolut imposant, wenngleich auch unheimlich laut.<\/p>\n<p style=\"text-align: center;\">Sp\u00e4ter dann beim Spaziergang haben wir noch an vielen Ecken Harleys geparkt gesehen,<\/p>\n<p style=\"text-align: center;\"><a href=\"http:\/\/peggytalk.peggy-forum.at\/wp-content\/uploads\/2015\/07\/20150718-IMG_8953.jpg\"><img loading=\"lazy\" decoding=\"async\" class=\"aligncenter size-full wp-image-4952\" src=\"http:\/\/peggytalk.peggy-forum.at\/wp-content\/uploads\/2015\/07\/20150718-IMG_8953.jpg\" alt=\"20150718-IMG_8953\" width=\"500\" height=\"333\" srcset=\"https:\/\/peggytalk.peggy-forum.at\/wp-content\/uploads\/2015\/07\/20150718-IMG_8953.jpg 500w, https:\/\/peggytalk.peggy-forum.at\/wp-content\/uploads\/2015\/07\/20150718-IMG_8953-300x200.jpg 300w, https:\/\/peggytalk.peggy-forum.at\/wp-content\/uploads\/2015\/07\/20150718-IMG_8953-225x150.jpg 225w, https:\/\/peggytalk.peggy-forum.at\/wp-content\/uploads\/2015\/07\/20150718-IMG_8953-150x100.jpg 150w\" sizes=\"(max-width: 500px) 100vw, 500px\" \/><\/a><\/p>\n<p style=\"text-align: center;\">Das Event war toll und wir hoffen, dass es n\u00e4chstes Jahr wieder stattfinden wird.<\/p>\n","protected":false},"excerpt":{"rendered":"<p>Dieses Wochenende finden in Wien die Vienna Harley Days 2015 statt. Gestern fand die gro\u00dfe Tour rund um die Ringstra\u00dfe statt und wir waren dabei. Nein, nat\u00fcrlich nicht im Sattel einer Maschine, obwohl ich zugeben muss, dass mir das schon auch gefallen h\u00e4tte, aber wir waren mit der Cam dabei. Ein Wahnsinns-Feeling wenn diese tollen Maschinen im Pulk \u00fcber die<\/p>\n","protected":false},"author":1,"featured_media":0,"comment_status":"open","ping_status":"open","sticky":false,"template":"","format":"standard","meta":{"footnotes":""},"categories":[233,216],"tags":[],"post_mailing_queue_ids":[],"_links":{"self":[{"href":"https:\/\/peggytalk.peggy-forum.at\/index.php?rest_route=\/wp\/v2\/posts\/4948"}],"collection":[{"href":"https:\/\/peggytalk.peggy-forum.at\/index.php?rest_route=\/wp\/v2\/posts"}],"about":[{"href":"https:\/\/peggytalk.peggy-forum.at\/index.php?rest_route=\/wp\/v2\/types\/post"}],"author":[{"embeddable":true,"href":"https:\/\/peggytalk.peggy-forum.at\/index.php?rest_route=\/wp\/v2\/users\/1"}],"replies":[{"embeddable":true,"href":"https:\/\/peggytalk.peggy-forum.at\/index.php?rest_route=%2Fwp%2Fv2%2Fcomments&post=4948"}],"version-history":[{"count":2,"href":"https:\/\/peggytalk.peggy-forum.at\/index.php?rest_route=\/wp\/v2\/posts\/4948\/revisions"}],"predecessor-version":[{"id":4954,"href":"https:\/\/peggytalk.peggy-forum.at\/index.php?rest_route=\/wp\/v2\/posts\/4948\/revisions\/4954"}],"wp:attachment":[{"href":"https:\/\/peggytalk.peggy-forum.at\/index.php?rest_route=%2Fwp%2Fv2%2Fmedia&parent=4948"}],"wp:term":[{"taxonomy":"category","embeddable":true,"href":"https:\/\/peggytalk.peggy-forum.at\/index.php?rest_route=%2Fwp%2Fv2%2Fcategories&post=4948"},{"taxonomy":"post_tag","embeddable":true,"href":"https:\/\/peggytalk.peggy-forum.at\/index.php?rest_route=%2Fwp%2Fv2%2Ftags&post=4948"}],"curies":[{"name":"wp","href":"https:\/\/api.w.org\/{rel}","templated":true}]}}