{"id":4894,"date":"2015-07-09T08:02:22","date_gmt":"2015-07-09T06:02:22","guid":{"rendered":"http:\/\/peggytalk.peggy-forum.at\/?p=4894"},"modified":"2015-07-09T08:42:40","modified_gmt":"2015-07-09T06:42:40","slug":"inside-7-diesmal-erst-am-donnerstag","status":"publish","type":"post","link":"https:\/\/peggytalk.peggy-forum.at\/?p=4894","title":{"rendered":"Inside 7 &#8211; diesmal erst am Donnerstag"},"content":{"rendered":"<p style=\"text-align: justify;\"><a href=\"http:\/\/anneliem\u00fcller.de\/blog\/\"><img decoding=\"async\" class=\" alignleft\" src=\"http:\/\/anneliem\u00fcller.de\/blog\/wp-content\/uploads\/2014\/02\/7button.jpg\" alt=\"\" \/><\/a><\/p>\n<p>Vielen Dank an <a href=\"http:\/\/xn--anneliemller-klb.de\/blog\/\" target=\"_blank\"><strong>Anneli<\/strong> <\/a>f\u00fcr die tollen Vorgaben.<br \/>\nAuch diese Woche hat sich Anneli wieder die M\u00fche gemacht und 7 Worte gefunden aus denen wir ein neues Inside 7 zaubern k\u00f6nnen.<br \/>\nLeider hab ich es gestern im wahrsten Sinn der Worte, verschwitzt. Daher gibt es mein Inside 7 diesmal erst am Donnerstag.<\/p>\n<p><b>endlich\u2026<\/b>hat es abgek\u00fchlt (und gut ist es, dass ich das Inside7 erst am Donnerstag mache, denn gestern Mittwoch h\u00e4tte ich noch gejammert, weil es da noch unertr\u00e4glich hei\u00df war.)<\/p>\n<p><b>fr\u00f6hlich\u2026<\/b>\u00a0summe ich ein Liedchen, denn ich f\u00fchl mich wieder richtig gut.<b><\/b><\/p>\n<p><strong>traurig<\/strong>\u2026\u00a0machen mich manche Nachrichten zum Weltgeschehen, da kann man aber leider nicht wirklich was zum Besseren beitragen.<br \/>\n<b><br \/>\nunentschlossen\u2026<\/b>\u00a0bin ich selten, meist f\u00e4llt mir eine L\u00f6sung ein.<br \/>\n<b><br \/>\n\u00e4rgerlich\u2026<\/b>\u00a0finde ich, wenn mir Fotos nicht so gelingen wie ich sie gern h\u00e4tte.<\/p>\n<p><b>immer h\u00e4ufiger\u2026<\/b> stelle ich fest:\u00a0mein Leben ist momentan richtig gut.<b><\/b><\/p>\n<p><strong>vor der Linse<\/strong>\u2026 U-Bahn Station in Wien<\/p>\n<p><a href=\"http:\/\/peggytalk.peggy-forum.at\/wp-content\/uploads\/2015\/07\/IMG_7497.jpg\"><img loading=\"lazy\" decoding=\"async\" class=\"aligncenter size-medium wp-image-4895\" src=\"http:\/\/peggytalk.peggy-forum.at\/wp-content\/uploads\/2015\/07\/IMG_7497-300x200.jpg\" alt=\"IMG_7497\" width=\"300\" height=\"200\" srcset=\"https:\/\/peggytalk.peggy-forum.at\/wp-content\/uploads\/2015\/07\/IMG_7497-300x200.jpg 300w, https:\/\/peggytalk.peggy-forum.at\/wp-content\/uploads\/2015\/07\/IMG_7497-1024x683.jpg 1024w, https:\/\/peggytalk.peggy-forum.at\/wp-content\/uploads\/2015\/07\/IMG_7497-225x150.jpg 225w, https:\/\/peggytalk.peggy-forum.at\/wp-content\/uploads\/2015\/07\/IMG_7497-150x100.jpg 150w, https:\/\/peggytalk.peggy-forum.at\/wp-content\/uploads\/2015\/07\/IMG_7497.jpg 1500w\" sizes=\"(max-width: 300px) 100vw, 300px\" \/><\/a><\/p>\n<p>Wer auch ein Inside7 ausf\u00fcllen m\u00f6chte, ist herzlich eingeladen.<br \/>\n<strong>Die fetten Worte<\/strong> sind die Vorgaben &#8211; also ans Werk !!<\/p>\n","protected":false},"excerpt":{"rendered":"<p>Vielen Dank an Anneli f\u00fcr die tollen Vorgaben. Auch diese Woche hat sich Anneli wieder die M\u00fche gemacht und 7 Worte gefunden aus denen wir ein neues Inside 7 zaubern k\u00f6nnen. Leider hab ich es gestern im wahrsten Sinn der Worte, verschwitzt. Daher gibt es mein Inside 7 diesmal erst am Donnerstag. endlich\u2026hat es abgek\u00fchlt (und gut ist es, dass<\/p>\n","protected":false},"author":1,"featured_media":0,"comment_status":"open","ping_status":"open","sticky":false,"template":"","format":"standard","meta":{"footnotes":""},"categories":[238],"tags":[],"post_mailing_queue_ids":[],"_links":{"self":[{"href":"https:\/\/peggytalk.peggy-forum.at\/index.php?rest_route=\/wp\/v2\/posts\/4894"}],"collection":[{"href":"https:\/\/peggytalk.peggy-forum.at\/index.php?rest_route=\/wp\/v2\/posts"}],"about":[{"href":"https:\/\/peggytalk.peggy-forum.at\/index.php?rest_route=\/wp\/v2\/types\/post"}],"author":[{"embeddable":true,"href":"https:\/\/peggytalk.peggy-forum.at\/index.php?rest_route=\/wp\/v2\/users\/1"}],"replies":[{"embeddable":true,"href":"https:\/\/peggytalk.peggy-forum.at\/index.php?rest_route=%2Fwp%2Fv2%2Fcomments&post=4894"}],"version-history":[{"count":2,"href":"https:\/\/peggytalk.peggy-forum.at\/index.php?rest_route=\/wp\/v2\/posts\/4894\/revisions"}],"predecessor-version":[{"id":4897,"href":"https:\/\/peggytalk.peggy-forum.at\/index.php?rest_route=\/wp\/v2\/posts\/4894\/revisions\/4897"}],"wp:attachment":[{"href":"https:\/\/peggytalk.peggy-forum.at\/index.php?rest_route=%2Fwp%2Fv2%2Fmedia&parent=4894"}],"wp:term":[{"taxonomy":"category","embeddable":true,"href":"https:\/\/peggytalk.peggy-forum.at\/index.php?rest_route=%2Fwp%2Fv2%2Fcategories&post=4894"},{"taxonomy":"post_tag","embeddable":true,"href":"https:\/\/peggytalk.peggy-forum.at\/index.php?rest_route=%2Fwp%2Fv2%2Ftags&post=4894"}],"curies":[{"name":"wp","href":"https:\/\/api.w.org\/{rel}","templated":true}]}}