{"id":4763,"date":"2015-05-26T08:00:23","date_gmt":"2015-05-26T06:00:23","guid":{"rendered":"http:\/\/peggytalk.peggy-forum.at\/?p=4763"},"modified":"2015-05-26T07:53:49","modified_gmt":"2015-05-26T05:53:49","slug":"frage-des-tages-23","status":"publish","type":"post","link":"https:\/\/peggytalk.peggy-forum.at\/?p=4763","title":{"rendered":"Frage des Tages"},"content":{"rendered":"<p>Ich hab grad vorhin einen Artikel gelesen, dass sich M\u00e4nner viel mehr um ihre Kinder k\u00fcmmern sollten.<br \/>\nNur sehr wenige M\u00e4nner nehmen die Karenzzeit in Anspruch.<br \/>\nDie Gr\u00fcnde daf\u00fcr sind vielf\u00e4ltig.<br \/>\nAber es gibt auch kaum m\u00e4nnliche Kinderg\u00e4rtner, sehr wohl aber gibt es m\u00e4nnliche Lehrer, zwar weniger an den Grund- bzw. Volksschulen, aber daf\u00fcr denn an den h\u00f6heren Schulen sehr wohl.<\/p>\n<p><strong>Dazu ist mir wieder eine Frage des Tages eingefallen:<\/strong><\/p>\n<p><a href=\"http:\/\/peggytalk.peggy-forum.at\/wp-content\/uploads\/2015\/05\/Fragezeichen1.jpg\"><img loading=\"lazy\" decoding=\"async\" class=\"alignleft size-full wp-image-4636\" src=\"http:\/\/peggytalk.peggy-forum.at\/wp-content\/uploads\/2015\/05\/Fragezeichen1.jpg\" alt=\"Fragezeichen1\" width=\"80\" height=\"109\" \/><\/a><br \/>\nWas meint ihr, warum lassen sich nur ganz wenige M\u00e4nner zu Kindergartenp\u00e4dagogen (so hei\u00dfen Kinderg\u00e4rtner heute) ausbilden ?<\/p>\n","protected":false},"excerpt":{"rendered":"<p>Ich hab grad vorhin einen Artikel gelesen, dass sich M\u00e4nner viel mehr um ihre Kinder k\u00fcmmern sollten. Nur sehr wenige M\u00e4nner nehmen die Karenzzeit in Anspruch. Die Gr\u00fcnde daf\u00fcr sind vielf\u00e4ltig. Aber es gibt auch kaum m\u00e4nnliche Kinderg\u00e4rtner, sehr wohl aber gibt es m\u00e4nnliche Lehrer, zwar weniger an den Grund- bzw. Volksschulen, aber daf\u00fcr denn an den h\u00f6heren Schulen sehr<\/p>\n","protected":false},"author":1,"featured_media":0,"comment_status":"open","ping_status":"open","sticky":false,"template":"","format":"standard","meta":{"footnotes":""},"categories":[210],"tags":[],"post_mailing_queue_ids":[],"_links":{"self":[{"href":"https:\/\/peggytalk.peggy-forum.at\/index.php?rest_route=\/wp\/v2\/posts\/4763"}],"collection":[{"href":"https:\/\/peggytalk.peggy-forum.at\/index.php?rest_route=\/wp\/v2\/posts"}],"about":[{"href":"https:\/\/peggytalk.peggy-forum.at\/index.php?rest_route=\/wp\/v2\/types\/post"}],"author":[{"embeddable":true,"href":"https:\/\/peggytalk.peggy-forum.at\/index.php?rest_route=\/wp\/v2\/users\/1"}],"replies":[{"embeddable":true,"href":"https:\/\/peggytalk.peggy-forum.at\/index.php?rest_route=%2Fwp%2Fv2%2Fcomments&post=4763"}],"version-history":[{"count":1,"href":"https:\/\/peggytalk.peggy-forum.at\/index.php?rest_route=\/wp\/v2\/posts\/4763\/revisions"}],"predecessor-version":[{"id":4764,"href":"https:\/\/peggytalk.peggy-forum.at\/index.php?rest_route=\/wp\/v2\/posts\/4763\/revisions\/4764"}],"wp:attachment":[{"href":"https:\/\/peggytalk.peggy-forum.at\/index.php?rest_route=%2Fwp%2Fv2%2Fmedia&parent=4763"}],"wp:term":[{"taxonomy":"category","embeddable":true,"href":"https:\/\/peggytalk.peggy-forum.at\/index.php?rest_route=%2Fwp%2Fv2%2Fcategories&post=4763"},{"taxonomy":"post_tag","embeddable":true,"href":"https:\/\/peggytalk.peggy-forum.at\/index.php?rest_route=%2Fwp%2Fv2%2Ftags&post=4763"}],"curies":[{"name":"wp","href":"https:\/\/api.w.org\/{rel}","templated":true}]}}