{"id":4663,"date":"2015-05-11T07:20:23","date_gmt":"2015-05-11T05:20:23","guid":{"rendered":"http:\/\/peggytalk.peggy-forum.at\/?p=4663"},"modified":"2015-05-11T07:52:29","modified_gmt":"2015-05-11T05:52:29","slug":"fruehstueck-bei-3","status":"publish","type":"post","link":"https:\/\/peggytalk.peggy-forum.at\/?p=4663","title":{"rendered":"Fr\u00fchst\u00fcck bei&#8230;#3"},"content":{"rendered":"<p><a href=\"http:\/\/peggytalk.peggy-forum.at\/wp-content\/uploads\/2015\/04\/kaffee23.jpg\"><img loading=\"lazy\" decoding=\"async\" class=\" size-full wp-image-4380 alignleft\" src=\"http:\/\/peggytalk.peggy-forum.at\/wp-content\/uploads\/2015\/04\/kaffee23.jpg\" alt=\"kaffee23\" width=\"250\" height=\"167\" srcset=\"https:\/\/peggytalk.peggy-forum.at\/wp-content\/uploads\/2015\/04\/kaffee23.jpg 250w, https:\/\/peggytalk.peggy-forum.at\/wp-content\/uploads\/2015\/04\/kaffee23-225x150.jpg 225w, https:\/\/peggytalk.peggy-forum.at\/wp-content\/uploads\/2015\/04\/kaffee23-150x100.jpg 150w\" sizes=\"(max-width: 250px) 100vw, 250px\" \/><\/a><\/p>\n<p>Auch diese Woche soll es wieder *Fr\u00fchst\u00fcck bei&#8230;* geben.<br \/>\nIn der vergangenen Woche haben schon einige ihr Fr\u00fchst\u00fcck auf ihrem Blog oder ihrer Facebookseite gepostet.<br \/>\nDas hat mich ehrlich sehr gefreut.<br \/>\nVielleicht machen ja auch diesmal wieder einige mit.<br \/>\nEs ist gar nicht schwer.<\/p>\n<p>&nbsp;<\/p>\n<p><em>Postet ein Foto eures Fr\u00fchst\u00fcck, egal ob eine Tasse Kaffee, euer M\u00fcsli oder was sonst ihr am Morgen esst oder trinkt, in eurem Blog, auf eurer Facebookseite oder auf Google+, \u00a0ect., schreibt ein paar Worte dazu<\/em><br \/>\n<em>und setzt den Link dann hier in die Kommentare.<br \/>\n<strong>Ihr k\u00f6nnt den Link zu eurem Fr\u00fchst\u00fcck auch \u00fcber den blauen Button am Ende des Beitrags eintragen,<\/strong><\/em><br \/>\n<strong> <em>Dann erscheint unter dem Beitrag ein Link zu eurer Seite. Sehr praktisch find ich das.<\/em><\/strong><br \/>\n<em>Das Projekt wollen wir die ganze Woche laufen lassen, es ist also nicht zwingend n\u00f6tig, das Foto an einem Montag zu pr\u00e4sentieren.<br \/>\nViel Spa\u00df beim Fotografieren. (Das Foto sollte wirklich von euch selbst fotografiert sein)<\/em><\/p>\n<p><!-- start InLinkz script --><\/p>\n<p><script type=\"text\/javascript\">\/\/ <![CDATA[\ndocument.write('<scr' + 'ipt type=\"text\/javascript\" src=\"\/\/www.inlinkz.com\/cs.php?id=524889&#038;' + new Date().getTime() + '\"><\\\/script>');\n\/\/ ]]><\/script><\/p>\n<p><!-- end InLinkz script --><\/p>\n","protected":false},"excerpt":{"rendered":"<p>Auch diese Woche soll es wieder *Fr\u00fchst\u00fcck bei&#8230;* geben. In der vergangenen Woche haben schon einige ihr Fr\u00fchst\u00fcck auf ihrem Blog oder ihrer Facebookseite gepostet. Das hat mich ehrlich sehr gefreut. Vielleicht machen ja auch diesmal wieder einige mit. Es ist gar nicht schwer. &nbsp; Postet ein Foto eures Fr\u00fchst\u00fcck, egal ob eine Tasse Kaffee, euer M\u00fcsli oder was sonst<\/p>\n","protected":false},"author":1,"featured_media":0,"comment_status":"open","ping_status":"open","sticky":false,"template":"","format":"standard","meta":{"footnotes":""},"categories":[238],"tags":[],"post_mailing_queue_ids":[],"_links":{"self":[{"href":"https:\/\/peggytalk.peggy-forum.at\/index.php?rest_route=\/wp\/v2\/posts\/4663"}],"collection":[{"href":"https:\/\/peggytalk.peggy-forum.at\/index.php?rest_route=\/wp\/v2\/posts"}],"about":[{"href":"https:\/\/peggytalk.peggy-forum.at\/index.php?rest_route=\/wp\/v2\/types\/post"}],"author":[{"embeddable":true,"href":"https:\/\/peggytalk.peggy-forum.at\/index.php?rest_route=\/wp\/v2\/users\/1"}],"replies":[{"embeddable":true,"href":"https:\/\/peggytalk.peggy-forum.at\/index.php?rest_route=%2Fwp%2Fv2%2Fcomments&post=4663"}],"version-history":[{"count":8,"href":"https:\/\/peggytalk.peggy-forum.at\/index.php?rest_route=\/wp\/v2\/posts\/4663\/revisions"}],"predecessor-version":[{"id":4678,"href":"https:\/\/peggytalk.peggy-forum.at\/index.php?rest_route=\/wp\/v2\/posts\/4663\/revisions\/4678"}],"wp:attachment":[{"href":"https:\/\/peggytalk.peggy-forum.at\/index.php?rest_route=%2Fwp%2Fv2%2Fmedia&parent=4663"}],"wp:term":[{"taxonomy":"category","embeddable":true,"href":"https:\/\/peggytalk.peggy-forum.at\/index.php?rest_route=%2Fwp%2Fv2%2Fcategories&post=4663"},{"taxonomy":"post_tag","embeddable":true,"href":"https:\/\/peggytalk.peggy-forum.at\/index.php?rest_route=%2Fwp%2Fv2%2Ftags&post=4663"}],"curies":[{"name":"wp","href":"https:\/\/api.w.org\/{rel}","templated":true}]}}