{"id":4491,"date":"2015-04-23T18:27:25","date_gmt":"2015-04-23T16:27:25","guid":{"rendered":"http:\/\/peggytalk.peggy-forum.at\/?p=4491"},"modified":"2015-04-23T18:27:25","modified_gmt":"2015-04-23T16:27:25","slug":"inside7-am-donnerstag","status":"publish","type":"post","link":"https:\/\/peggytalk.peggy-forum.at\/?p=4491","title":{"rendered":"Inside7 am Donnerstag"},"content":{"rendered":"<p><strong>Es ist DONNERSTAG<\/strong>\u00a0&#8211; das Inside7 ist online, also\u00a0&#8211; auf zu <strong><a href=\"http:\/\/anneliem\u00fcller.de\/blog\/\">Anne<\/a>.<br \/>\n<\/strong>Ausnahmsweise diesmal am Donnerstag<strong><br \/>\nVielen Dank f\u00fcr die tollen Vorgaben.<\/strong><\/p>\n<p style=\"text-align: justify;\"><a href=\"http:\/\/anneliem\u00fcller.de\/blog\/\"><img decoding=\"async\" class=\" alignleft\" src=\"http:\/\/anneliem\u00fcller.de\/blog\/wp-content\/uploads\/2014\/02\/7button.jpg\" alt=\"\" \/><\/a><\/p>\n<p><strong>Wenn ich mich entscheiden m\u00fcsste zwischen:<\/strong><\/p>\n<p><strong>Rot und blau \u2013 w\u00e4re meins:<\/strong>\u00a0eigentlich w\u00e4re rot &#8220;meine&#8221; \u00a0Farbe, aber seit ich meine Haare rot f\u00e4rbe, bei\u00dfen sich viele Rott\u00f6ne mit meiner Haarfarbe, daher eher blau &#8211; vor allem nat\u00fcrlich bei Klamotten. In unserem Wohnzimmer dominiert schon eher rot.<\/p>\n<p><strong>Hell und dunkel \u2013 w\u00e4re meins:<\/strong>\u00a0je nach Jahreszeit und Stimmung. Derzeit mag ichs lieber hell und freu mich, wenn morgens schon die Sonne scheint. Um die Weihnachtszeit liebe ich es, wenns dunkel wird und wir es uns bei Kerzenschein gem\u00fctlich machen.<\/p>\n<p><strong>Laut und leise \u2013 bevorzugte ich<\/strong>:\u00a0grunds\u00e4tzlich leise, laute Ger\u00e4usche machen mich meist ganz kirre.<\/p>\n<p><strong>Flachen Schuhen und High Heels \u2013 z\u00f6ge ich lieber an:<\/strong>\u00a0Flasche Schuhe, ganz eindeutig. Ich bin da schon mehr f\u00fcrs Bequeme. Hohe Abs\u00e4tze schauen sexy aus, aber was n\u00fctzt es, wenn einem die Zehen weh tun.<\/p>\n<p><strong>Rosenduft oder Kokosnussduft \u2013 pflegte ich mich lieber mit:<\/strong>\u00a0Ich liebe Kokos sehr, aber nicht auf meiner Haut. Da w\u00fcrde ich, in Ermangelung von Vanille, das ich sehr liebe, den Rosenduft vorziehen.<\/p>\n<p><strong>Meer und Gebirge \u2013 verbr\u00e4chte ich meine Zeit lieber:<\/strong> auf jeden Fall am Meer . Schon der Geruch von Meer versetzt mich in Ferienlaune. Gebirge ist mir zu anstrengend. Wie schon gesagt, ich bin mehr f\u00fcrs Bequeme.<\/p>\n<p><strong>Mild gew\u00fcrztem Essen oder scharfem Essen \u2013 w\u00fcrde ich bestellen: <\/strong>eher mild gew\u00fcrzt \u2013\u00a0bei scharfem Essen hab ich das Problem, dass das mein Magen nicht vertr\u00e4gt &#8211; da bekomm ich Sodbrennen.<\/p>\n<p>Danke <a href=\"http:\/\/xn--anneliemller-klb.de\/blog\/\">Anne<\/a>\u00a0&#8211; das war wirklich mal ein ganz anderes Inside7, hat mir ausgesprochen gut gefallen.<br \/>\nUnd ich w\u00fcnsche mir, dass viele mitmachen.<\/p>\n","protected":false},"excerpt":{"rendered":"<p>Es ist DONNERSTAG\u00a0&#8211; das Inside7 ist online, also\u00a0&#8211; auf zu Anne. Ausnahmsweise diesmal am Donnerstag Vielen Dank f\u00fcr die tollen Vorgaben. Wenn ich mich entscheiden m\u00fcsste zwischen: Rot und blau \u2013 w\u00e4re meins:\u00a0eigentlich w\u00e4re rot &#8220;meine&#8221; \u00a0Farbe, aber seit ich meine Haare rot f\u00e4rbe, bei\u00dfen sich viele Rott\u00f6ne mit meiner Haarfarbe, daher eher blau &#8211; vor allem nat\u00fcrlich bei Klamotten.<\/p>\n","protected":false},"author":1,"featured_media":0,"comment_status":"open","ping_status":"open","sticky":false,"template":"","format":"standard","meta":{"footnotes":""},"categories":[1,238],"tags":[],"post_mailing_queue_ids":[],"_links":{"self":[{"href":"https:\/\/peggytalk.peggy-forum.at\/index.php?rest_route=\/wp\/v2\/posts\/4491"}],"collection":[{"href":"https:\/\/peggytalk.peggy-forum.at\/index.php?rest_route=\/wp\/v2\/posts"}],"about":[{"href":"https:\/\/peggytalk.peggy-forum.at\/index.php?rest_route=\/wp\/v2\/types\/post"}],"author":[{"embeddable":true,"href":"https:\/\/peggytalk.peggy-forum.at\/index.php?rest_route=\/wp\/v2\/users\/1"}],"replies":[{"embeddable":true,"href":"https:\/\/peggytalk.peggy-forum.at\/index.php?rest_route=%2Fwp%2Fv2%2Fcomments&post=4491"}],"version-history":[{"count":1,"href":"https:\/\/peggytalk.peggy-forum.at\/index.php?rest_route=\/wp\/v2\/posts\/4491\/revisions"}],"predecessor-version":[{"id":4492,"href":"https:\/\/peggytalk.peggy-forum.at\/index.php?rest_route=\/wp\/v2\/posts\/4491\/revisions\/4492"}],"wp:attachment":[{"href":"https:\/\/peggytalk.peggy-forum.at\/index.php?rest_route=%2Fwp%2Fv2%2Fmedia&parent=4491"}],"wp:term":[{"taxonomy":"category","embeddable":true,"href":"https:\/\/peggytalk.peggy-forum.at\/index.php?rest_route=%2Fwp%2Fv2%2Fcategories&post=4491"},{"taxonomy":"post_tag","embeddable":true,"href":"https:\/\/peggytalk.peggy-forum.at\/index.php?rest_route=%2Fwp%2Fv2%2Ftags&post=4491"}],"curies":[{"name":"wp","href":"https:\/\/api.w.org\/{rel}","templated":true}]}}