{"id":4071,"date":"2015-03-11T12:14:16","date_gmt":"2015-03-11T11:14:16","guid":{"rendered":"http:\/\/peggytalk.peggy-forum.at\/?p=4071"},"modified":"2015-03-11T12:43:35","modified_gmt":"2015-03-11T11:43:35","slug":"inside7-am-mittwoch-12","status":"publish","type":"post","link":"https:\/\/peggytalk.peggy-forum.at\/?p=4071","title":{"rendered":"Inside7 am Mittwoch"},"content":{"rendered":"<p>Schon wieder Mittwoch ?<br \/>\nMuss es wohl sein, denn es gibt wieder das Inside7 von <a href=\"http:\/\/xn--anneliemller-klb.de\/blog\/\" target=\"_blank\">Anne<br \/>\nu<\/a>nd ich habs doch tats\u00e4chlich wieder geschafft, am richtigen Tag .<\/p>\n<p style=\"text-align: justify;\"><a href=\"http:\/\/anneliem\u00fcller.de\/blog\/\"><img decoding=\"async\" src=\"http:\/\/anneliem\u00fcller.de\/blog\/wp-content\/uploads\/2014\/02\/7button.jpg\" alt=\"\" \/><\/a><\/p>\n<p><strong>wie kommt es<\/strong> \u2026 dass mich mein sonst so ph\u00e4nomenales Namensged\u00e4chtnis, jetzt \u00f6fter im Stich l\u00e4sst.<\/p>\n<p><strong>Altersbedingt<\/strong> \u2026 dachte ich, dass meine Augen schlechter geworden sein d\u00fcrften, war aber nicht so<\/p>\n<p><strong>gemischte Gef\u00fchle<\/strong> \u2026 hab ich, wenn ich jeden Morgen auf die Waage steige.<\/p>\n<p><strong>schlechte Laune<\/strong>\u2026 hab ich selten, wenn aber doch, dann ausgepr\u00e4gt.<\/p>\n<p><strong>gedanklich bin ich<\/strong>\u2026 in letzter Zeit sehr oft abwesend &#8211; liegt das am zunehmenden Alter ?<\/p>\n<p><strong>ich w\u00fcrde viel lieber<\/strong> \u2026 gesund bleiben, als j\u00fcnger zu sein.<\/p>\n<p><strong>R\u00fcckblickend<\/strong> \u2026 ist es mir fast immer in meinem Leben gut gegangen. Aber so ein Res\u00fcmee will ich noch gar nicht ziehen.<\/p>\n","protected":false},"excerpt":{"rendered":"<p>Schon wieder Mittwoch ? Muss es wohl sein, denn es gibt wieder das Inside7 von Anne und ich habs doch tats\u00e4chlich wieder geschafft, am richtigen Tag . wie kommt es \u2026 dass mich mein sonst so ph\u00e4nomenales Namensged\u00e4chtnis, jetzt \u00f6fter im Stich l\u00e4sst. Altersbedingt \u2026 dachte ich, dass meine Augen schlechter geworden sein d\u00fcrften, war aber nicht so gemischte Gef\u00fchle<\/p>\n","protected":false},"author":1,"featured_media":0,"comment_status":"open","ping_status":"open","sticky":false,"template":"","format":"standard","meta":{"footnotes":""},"categories":[238],"tags":[],"post_mailing_queue_ids":[],"_links":{"self":[{"href":"https:\/\/peggytalk.peggy-forum.at\/index.php?rest_route=\/wp\/v2\/posts\/4071"}],"collection":[{"href":"https:\/\/peggytalk.peggy-forum.at\/index.php?rest_route=\/wp\/v2\/posts"}],"about":[{"href":"https:\/\/peggytalk.peggy-forum.at\/index.php?rest_route=\/wp\/v2\/types\/post"}],"author":[{"embeddable":true,"href":"https:\/\/peggytalk.peggy-forum.at\/index.php?rest_route=\/wp\/v2\/users\/1"}],"replies":[{"embeddable":true,"href":"https:\/\/peggytalk.peggy-forum.at\/index.php?rest_route=%2Fwp%2Fv2%2Fcomments&post=4071"}],"version-history":[{"count":3,"href":"https:\/\/peggytalk.peggy-forum.at\/index.php?rest_route=\/wp\/v2\/posts\/4071\/revisions"}],"predecessor-version":[{"id":4080,"href":"https:\/\/peggytalk.peggy-forum.at\/index.php?rest_route=\/wp\/v2\/posts\/4071\/revisions\/4080"}],"wp:attachment":[{"href":"https:\/\/peggytalk.peggy-forum.at\/index.php?rest_route=%2Fwp%2Fv2%2Fmedia&parent=4071"}],"wp:term":[{"taxonomy":"category","embeddable":true,"href":"https:\/\/peggytalk.peggy-forum.at\/index.php?rest_route=%2Fwp%2Fv2%2Fcategories&post=4071"},{"taxonomy":"post_tag","embeddable":true,"href":"https:\/\/peggytalk.peggy-forum.at\/index.php?rest_route=%2Fwp%2Fv2%2Ftags&post=4071"}],"curies":[{"name":"wp","href":"https:\/\/api.w.org\/{rel}","templated":true}]}}