{"id":3989,"date":"2015-02-04T14:01:37","date_gmt":"2015-02-04T13:01:37","guid":{"rendered":"http:\/\/peggytalk.peggy-forum.at\/?p=3989"},"modified":"2015-02-04T14:03:11","modified_gmt":"2015-02-04T13:03:11","slug":"inside7-am-mittwoch-8","status":"publish","type":"post","link":"https:\/\/peggytalk.peggy-forum.at\/?p=3989","title":{"rendered":"Inside7 am Mittwoch"},"content":{"rendered":"<p>Endlich schaffe ich das Inside von <a href=\"http:\/\/xn--anneliemller-klb.de\/blog\/\">Anne<\/a> wieder mal am richtigen Tag &#8211; am Mittwoch<\/p>\n<div class=\"entry-content\">\n<p style=\"text-align: justify;\"><a href=\"http:\/\/anneliem\u00fcller.de\/blog\/\"><img decoding=\"async\" src=\"http:\/\/anneliem\u00fcller.de\/blog\/wp-content\/uploads\/2014\/02\/7button.jpg\" alt=\"\" \/><\/a><\/p>\n<p><strong>Schnee<\/strong>\u2026 frisch gefallen, schneewei\u00df und sauber, ja das gef\u00e4llt mir, allerdings ist der frisch gefallene Schnee hier in Wien sp\u00e4testens nach 2 Stunden schwarz und pappig.<\/p>\n<p><strong>Winter<\/strong>\u2026\u00a0ist die Jahreszeit, die ich eigentlich gar nicht mag. Meist ist es doch grau in grau und es wird an vielen Tagen gar nicht richtig hell. Da k\u00f6nnte man depressiv werden, so man es nicht ohnehin schon ist :-)<\/p>\n<p><strong>Wintersport<\/strong>\u2026.nein danke ! Dabei w\u00e4re mir wahrscheinlich meist kalt, die F\u00fc\u00dfe w\u00e4ren nass und die Gefahr, dass man sich was bricht, ist relativ hoch.<\/p>\n<p><strong>Drau\u00dfen<\/strong>\u2026\u00a0sein, ist trotzdem ganz nett. Vor allem wenn man mit der Digi-Cam unterwegs sein kann.<\/p>\n<p><strong>Drinnen<\/strong>\u2026\u00a0mache ich es mir gem\u00fctlich. Bei einer Tasse Kaffee oder Tee und ein paar Keksen &#8211;<br \/>\ndas hat was !!!<\/p>\n<p><strong>Der Januar<\/strong>\u2026ist Geschichte. Grunds\u00e4tzlich war es ein guter Monat. Wir haben Urlaub gebucht und Pl\u00e4ne f\u00fcr ein oder zwei weitere Reisen gemacht. Das hebt die Stimmung.<\/p>\n<p><strong>Fasching<\/strong>\u2026\u00a0ist nicht mehr so meins. Fr\u00fcher mal, als ich jung war, ja da war Fasching schon was Nettes, aber inzwischen geht mir das Geschunkel auf die Nerven und mich verkleiden w\u00fcrde ich ganz sicher nicht mehr.<\/p>\n<\/div>\n","protected":false},"excerpt":{"rendered":"<p>Endlich schaffe ich das Inside von Anne wieder mal am richtigen Tag &#8211; am Mittwoch Schnee\u2026 frisch gefallen, schneewei\u00df und sauber, ja das gef\u00e4llt mir, allerdings ist der frisch gefallene Schnee hier in Wien sp\u00e4testens nach 2 Stunden schwarz und pappig. Winter\u2026\u00a0ist die Jahreszeit, die ich eigentlich gar nicht mag. Meist ist es doch grau in grau und es wird<\/p>\n","protected":false},"author":1,"featured_media":0,"comment_status":"open","ping_status":"open","sticky":false,"template":"","format":"standard","meta":{"footnotes":""},"categories":[238],"tags":[],"post_mailing_queue_ids":[],"_links":{"self":[{"href":"https:\/\/peggytalk.peggy-forum.at\/index.php?rest_route=\/wp\/v2\/posts\/3989"}],"collection":[{"href":"https:\/\/peggytalk.peggy-forum.at\/index.php?rest_route=\/wp\/v2\/posts"}],"about":[{"href":"https:\/\/peggytalk.peggy-forum.at\/index.php?rest_route=\/wp\/v2\/types\/post"}],"author":[{"embeddable":true,"href":"https:\/\/peggytalk.peggy-forum.at\/index.php?rest_route=\/wp\/v2\/users\/1"}],"replies":[{"embeddable":true,"href":"https:\/\/peggytalk.peggy-forum.at\/index.php?rest_route=%2Fwp%2Fv2%2Fcomments&post=3989"}],"version-history":[{"count":3,"href":"https:\/\/peggytalk.peggy-forum.at\/index.php?rest_route=\/wp\/v2\/posts\/3989\/revisions"}],"predecessor-version":[{"id":3992,"href":"https:\/\/peggytalk.peggy-forum.at\/index.php?rest_route=\/wp\/v2\/posts\/3989\/revisions\/3992"}],"wp:attachment":[{"href":"https:\/\/peggytalk.peggy-forum.at\/index.php?rest_route=%2Fwp%2Fv2%2Fmedia&parent=3989"}],"wp:term":[{"taxonomy":"category","embeddable":true,"href":"https:\/\/peggytalk.peggy-forum.at\/index.php?rest_route=%2Fwp%2Fv2%2Fcategories&post=3989"},{"taxonomy":"post_tag","embeddable":true,"href":"https:\/\/peggytalk.peggy-forum.at\/index.php?rest_route=%2Fwp%2Fv2%2Ftags&post=3989"}],"curies":[{"name":"wp","href":"https:\/\/api.w.org\/{rel}","templated":true}]}}