{"id":3592,"date":"2014-09-18T06:47:44","date_gmt":"2014-09-18T04:47:44","guid":{"rendered":"http:\/\/peggytalk.peggy-forum.at\/?p=3592"},"modified":"2014-09-18T09:59:51","modified_gmt":"2014-09-18T07:59:51","slug":"3592","status":"publish","type":"post","link":"https:\/\/peggytalk.peggy-forum.at\/?p=3592","title":{"rendered":"Inside7"},"content":{"rendered":"<p style=\"text-align: justify;\"><a href=\"http:\/\/anneliem\u00fcller.de\/blog\/\"><img decoding=\"async\" src=\"http:\/\/anneliem\u00fcller.de\/blog\/wp-content\/uploads\/2014\/02\/7button.jpg\" alt=\"\" \/><\/a><\/p>\n<p><strong>zum Fr\u00fchst\u00fcck\u2026<\/strong> gabs heute\u00a0nur Kaffee<\/p>\n<p><strong>ich sammle\u2026<\/strong>\u00a0EULEN &#8211; in vielen Variationen<\/p>\n<p><strong>ich bin gl\u00fccklich\u2026\u00a0<\/strong> wenn\u00a0ich fotografieren kann<\/p>\n<p><strong>mir fehlt\u2026<\/strong>\u00a0mitunter der Antrieb aus dem Haus zu gehen<\/p>\n<p><strong>bemerkenswerte Worte\u2026<\/strong>\u00a0&#8220;Wir leben alle unter dem gleichen Himmel, aber wir haben nicht alle den gleichen Horizont. (Konrad Adenauer) &#8211; eins meiner Lieblinszitate<\/p>\n<p><strong>vorfreuen\u2026<\/strong>\u00a0ist ein sch\u00f6nes Gef\u00fchl<\/p>\n<p><strong>ich kucke vorw\u00e4rts\u2026<\/strong>\u00a0\u00a0weil r\u00fcckw\u00e4rts kann man eh nichts mehr \u00e4ndern<\/p>\n<p>Sch\u00f6nen Tag w\u00fcnsche ich allen Lesern und <a href=\"http:\/\/xn--anneliemller-klb.de\/blog\/\" target=\"_blank\"><strong>Anne<\/strong><\/a> sag ich *Danke* f\u00fcr die Vorlage des Insinde7.<\/p>\n<p>Wenn jemand Lust hat beim Inside7 mitzumachen, kann das gerne in seinem Blog (so vorhanden)<br \/>\noder hier in den Kommentaren machen.<\/p>\n","protected":false},"excerpt":{"rendered":"<p>zum Fr\u00fchst\u00fcck\u2026 gabs heute\u00a0nur Kaffee ich sammle\u2026\u00a0EULEN &#8211; in vielen Variationen ich bin gl\u00fccklich\u2026\u00a0 wenn\u00a0ich fotografieren kann mir fehlt\u2026\u00a0mitunter der Antrieb aus dem Haus zu gehen bemerkenswerte Worte\u2026\u00a0&#8220;Wir leben alle unter dem gleichen Himmel, aber wir haben nicht alle den gleichen Horizont. (Konrad Adenauer) &#8211; eins meiner Lieblinszitate vorfreuen\u2026\u00a0ist ein sch\u00f6nes Gef\u00fchl ich kucke vorw\u00e4rts\u2026\u00a0\u00a0weil r\u00fcckw\u00e4rts kann man eh nichts<\/p>\n","protected":false},"author":1,"featured_media":0,"comment_status":"open","ping_status":"open","sticky":false,"template":"","format":"standard","meta":{"footnotes":""},"categories":[238],"tags":[],"post_mailing_queue_ids":[],"_links":{"self":[{"href":"https:\/\/peggytalk.peggy-forum.at\/index.php?rest_route=\/wp\/v2\/posts\/3592"}],"collection":[{"href":"https:\/\/peggytalk.peggy-forum.at\/index.php?rest_route=\/wp\/v2\/posts"}],"about":[{"href":"https:\/\/peggytalk.peggy-forum.at\/index.php?rest_route=\/wp\/v2\/types\/post"}],"author":[{"embeddable":true,"href":"https:\/\/peggytalk.peggy-forum.at\/index.php?rest_route=\/wp\/v2\/users\/1"}],"replies":[{"embeddable":true,"href":"https:\/\/peggytalk.peggy-forum.at\/index.php?rest_route=%2Fwp%2Fv2%2Fcomments&post=3592"}],"version-history":[{"count":2,"href":"https:\/\/peggytalk.peggy-forum.at\/index.php?rest_route=\/wp\/v2\/posts\/3592\/revisions"}],"predecessor-version":[{"id":3594,"href":"https:\/\/peggytalk.peggy-forum.at\/index.php?rest_route=\/wp\/v2\/posts\/3592\/revisions\/3594"}],"wp:attachment":[{"href":"https:\/\/peggytalk.peggy-forum.at\/index.php?rest_route=%2Fwp%2Fv2%2Fmedia&parent=3592"}],"wp:term":[{"taxonomy":"category","embeddable":true,"href":"https:\/\/peggytalk.peggy-forum.at\/index.php?rest_route=%2Fwp%2Fv2%2Fcategories&post=3592"},{"taxonomy":"post_tag","embeddable":true,"href":"https:\/\/peggytalk.peggy-forum.at\/index.php?rest_route=%2Fwp%2Fv2%2Ftags&post=3592"}],"curies":[{"name":"wp","href":"https:\/\/api.w.org\/{rel}","templated":true}]}}