{"id":3021,"date":"2014-03-12T14:11:36","date_gmt":"2014-03-12T13:11:36","guid":{"rendered":"http:\/\/peggytalk.peggy-forum.at\/?p=3021"},"modified":"2014-03-12T14:11:36","modified_gmt":"2014-03-12T13:11:36","slug":"foto-der-woche-10","status":"publish","type":"post","link":"https:\/\/peggytalk.peggy-forum.at\/?p=3021","title":{"rendered":"Foto der Woche #10"},"content":{"rendered":"<p><a href=\"http:\/\/peggytalk.peggy-forum.at\/wp-content\/uploads\/2014\/03\/peggytalk.jpg\"><img loading=\"lazy\" decoding=\"async\" class=\"aligncenter size-full wp-image-3022\" alt=\"peggytalk\" src=\"http:\/\/peggytalk.peggy-forum.at\/wp-content\/uploads\/2014\/03\/peggytalk.jpg\" width=\"333\" height=\"500\" srcset=\"https:\/\/peggytalk.peggy-forum.at\/wp-content\/uploads\/2014\/03\/peggytalk.jpg 333w, https:\/\/peggytalk.peggy-forum.at\/wp-content\/uploads\/2014\/03\/peggytalk-199x300.jpg 199w, https:\/\/peggytalk.peggy-forum.at\/wp-content\/uploads\/2014\/03\/peggytalk-99x150.jpg 99w\" sizes=\"(max-width: 333px) 100vw, 333px\" \/><\/a><\/p>\n<p>&nbsp;<\/p>\n<p>Dieses Foto, das ich zum <a href=\"http:\/\/foto-der-woche.blogspot.de\/\">Foto der Woche<\/a>\u00a0auserkoren habe, ist am Sonntag, einem wirklich strahlenden Fr\u00fchlingstag, am Zentralfriedhof entstanden.<br \/>\nEigentlich ein ganz un\u00fcbliches Motiv f\u00fcr einen Friedhof.<br \/>\nAber ich kann nur allen Hobbyfotografen raten, dort mal hinzugehen, es ist ein Eldorado zum Fotografieren.<br \/>\nman erlebt dort wirklich eine Menge Gl\u00fccksgef\u00fchle, solanfe man nur fotografiert und nicht vielleicht an einem Begr\u00e4bnis teilnehmen muss.<\/p>\n","protected":false},"excerpt":{"rendered":"<p>&nbsp; Dieses Foto, das ich zum Foto der Woche\u00a0auserkoren habe, ist am Sonntag, einem wirklich strahlenden Fr\u00fchlingstag, am Zentralfriedhof entstanden. Eigentlich ein ganz un\u00fcbliches Motiv f\u00fcr einen Friedhof. Aber ich kann nur allen Hobbyfotografen raten, dort mal hinzugehen, es ist ein Eldorado zum Fotografieren. man erlebt dort wirklich eine Menge Gl\u00fccksgef\u00fchle, solanfe man nur fotografiert und nicht vielleicht an einem<\/p>\n","protected":false},"author":1,"featured_media":0,"comment_status":"open","ping_status":"open","sticky":false,"template":"","format":"standard","meta":{"footnotes":""},"categories":[1],"tags":[],"post_mailing_queue_ids":[],"_links":{"self":[{"href":"https:\/\/peggytalk.peggy-forum.at\/index.php?rest_route=\/wp\/v2\/posts\/3021"}],"collection":[{"href":"https:\/\/peggytalk.peggy-forum.at\/index.php?rest_route=\/wp\/v2\/posts"}],"about":[{"href":"https:\/\/peggytalk.peggy-forum.at\/index.php?rest_route=\/wp\/v2\/types\/post"}],"author":[{"embeddable":true,"href":"https:\/\/peggytalk.peggy-forum.at\/index.php?rest_route=\/wp\/v2\/users\/1"}],"replies":[{"embeddable":true,"href":"https:\/\/peggytalk.peggy-forum.at\/index.php?rest_route=%2Fwp%2Fv2%2Fcomments&post=3021"}],"version-history":[{"count":1,"href":"https:\/\/peggytalk.peggy-forum.at\/index.php?rest_route=\/wp\/v2\/posts\/3021\/revisions"}],"predecessor-version":[{"id":3023,"href":"https:\/\/peggytalk.peggy-forum.at\/index.php?rest_route=\/wp\/v2\/posts\/3021\/revisions\/3023"}],"wp:attachment":[{"href":"https:\/\/peggytalk.peggy-forum.at\/index.php?rest_route=%2Fwp%2Fv2%2Fmedia&parent=3021"}],"wp:term":[{"taxonomy":"category","embeddable":true,"href":"https:\/\/peggytalk.peggy-forum.at\/index.php?rest_route=%2Fwp%2Fv2%2Fcategories&post=3021"},{"taxonomy":"post_tag","embeddable":true,"href":"https:\/\/peggytalk.peggy-forum.at\/index.php?rest_route=%2Fwp%2Fv2%2Ftags&post=3021"}],"curies":[{"name":"wp","href":"https:\/\/api.w.org\/{rel}","templated":true}]}}