{"id":1647,"date":"2012-04-27T17:59:42","date_gmt":"2012-04-27T15:59:42","guid":{"rendered":"http:\/\/peggytalk.peggy-forum.at\/?p=1647"},"modified":"2012-04-27T17:59:42","modified_gmt":"2012-04-27T15:59:42","slug":"dauerwellen","status":"publish","type":"post","link":"https:\/\/peggytalk.peggy-forum.at\/?p=1647","title":{"rendered":"Dauerwellen ?"},"content":{"rendered":"<p>Meine Friseurin hat mir er\u00f6ffnet, dass Dauerwellen wieder im Kommen sind.<\/p>\n<p>Also ich erinnere mich mit Schrecken an die Zeit, als ich schulterlange Haare hatte, zeitweise waren sie sogar noch l\u00e4nger und ich sie nur dauergewellt getragen habe.<br \/>\n5 Stunden und mehr bin ich beim Friseur gesessen und hab mir Str\u00e4hne f\u00fcr Str\u00e4hne auf Spiralwickler drehen lassen.<br \/>\nDann kam diese stinkende Fl\u00fcssigkeit auf jeden einzelnen Wickler und noch Tage danach haben die Haare diesen Gestank ausged\u00fcnstet. *\u00f6rks*<\/p>\n<p>Und das soll nun wieder modern werden.<br \/>\nAllerdings glaube ich dass ich da nicht mehr mitmachen werde.<br \/>\nObwohls schon sch\u00f6n ausgesehen hat, wenn das Haupt frisch gewaschen war und die Locken mit der Luftdusche frisch aufgef\u00f6hnt waren.<\/p>\n<p>Aber man muss ja nicht alles mitmachen, oder ?<\/p>\n","protected":false},"excerpt":{"rendered":"<p>Meine Friseurin hat mir er\u00f6ffnet, dass Dauerwellen wieder im Kommen sind. Also ich erinnere mich mit Schrecken an die Zeit, als ich schulterlange Haare hatte, zeitweise waren sie sogar noch l\u00e4nger und ich sie nur dauergewellt getragen habe. 5 Stunden und mehr bin ich beim Friseur gesessen und hab mir Str\u00e4hne f\u00fcr Str\u00e4hne auf Spiralwickler drehen lassen. Dann kam diese<\/p>\n","protected":false},"author":1,"featured_media":0,"comment_status":"open","ping_status":"open","sticky":false,"template":"","format":"standard","meta":{"footnotes":""},"categories":[1],"tags":[],"post_mailing_queue_ids":[],"_links":{"self":[{"href":"https:\/\/peggytalk.peggy-forum.at\/index.php?rest_route=\/wp\/v2\/posts\/1647"}],"collection":[{"href":"https:\/\/peggytalk.peggy-forum.at\/index.php?rest_route=\/wp\/v2\/posts"}],"about":[{"href":"https:\/\/peggytalk.peggy-forum.at\/index.php?rest_route=\/wp\/v2\/types\/post"}],"author":[{"embeddable":true,"href":"https:\/\/peggytalk.peggy-forum.at\/index.php?rest_route=\/wp\/v2\/users\/1"}],"replies":[{"embeddable":true,"href":"https:\/\/peggytalk.peggy-forum.at\/index.php?rest_route=%2Fwp%2Fv2%2Fcomments&post=1647"}],"version-history":[{"count":2,"href":"https:\/\/peggytalk.peggy-forum.at\/index.php?rest_route=\/wp\/v2\/posts\/1647\/revisions"}],"predecessor-version":[{"id":1649,"href":"https:\/\/peggytalk.peggy-forum.at\/index.php?rest_route=\/wp\/v2\/posts\/1647\/revisions\/1649"}],"wp:attachment":[{"href":"https:\/\/peggytalk.peggy-forum.at\/index.php?rest_route=%2Fwp%2Fv2%2Fmedia&parent=1647"}],"wp:term":[{"taxonomy":"category","embeddable":true,"href":"https:\/\/peggytalk.peggy-forum.at\/index.php?rest_route=%2Fwp%2Fv2%2Fcategories&post=1647"},{"taxonomy":"post_tag","embeddable":true,"href":"https:\/\/peggytalk.peggy-forum.at\/index.php?rest_route=%2Fwp%2Fv2%2Ftags&post=1647"}],"curies":[{"name":"wp","href":"https:\/\/api.w.org\/{rel}","templated":true}]}}