{"id":1134,"date":"2011-12-23T21:37:50","date_gmt":"2011-12-23T20:37:50","guid":{"rendered":"http:\/\/peggytalk.peggy-forum.at\/?p=1134"},"modified":"2011-12-25T18:25:43","modified_gmt":"2011-12-25T17:25:43","slug":"als-es-plotzlich-kein-christkind-mehr-gab","status":"publish","type":"post","link":"https:\/\/peggytalk.peggy-forum.at\/?p=1134","title":{"rendered":"Als es pl\u00f6tzlich kein Christkind mehr gab"},"content":{"rendered":"<p>Ich war ca. 8 oder vielleicht auch schon 9 Jahre und die Weihnachtszeit war f\u00fcr mich etwas ganz Besonderes. Damals glaubte ich auch noch an das Christkind.<br \/>\nMeine Eltern gaben sich auch ganz besondere M\u00fche, mir diesen Glauben zu erhalten, auch damit meinem kleiner Bruder, der damals erst vier Jahre alt war, dieser Glaube noch lange erhalten bleiben m\u00f6ge.<br \/>\nVor Weihnachten war es nun auch Tradition, dass ich einen Wunschzettel geschrieben habe, der ins Fenster gelegt worden ist und eine brennende Kerze dazu gestellt wurde, damit die Englein oder das Christkind auch den rechten Weg finden.<br \/>\nWenn das Christkind den Zettel abgeholt hatte, dann lag da ein Engelshaar oder ein Lamettafaden, was uns Kindern best\u00e4tigte, dass es wirklich das Christkind war, das den Wunschzettel abgeholt hat.<br \/>\nAuf diesem Wunschzettel stand, unter vielen anderen Sachen, auch eine Schultasche. Ich hatte bis dahin mit einer alten, gebrauchten Tasche vorlieb nehmen m\u00fcssen und es war ein ganz gro\u00dfer Wunsch von mir, eine neue, sch\u00f6ne Ledertasche zu haben, mit Trageriemen um sie auf dem R\u00fccken zu tragen.<\/p>\n<p>Wie man nun ja schon aus meinen anderen Geschichten wei\u00df, war ich sehr oft allein zu Hause und ich habe mich mit Vorliebe verkleidet.<br \/>\nDazu habe ich alte Klamotten meiner Mutter, ihre St\u00f6ckelschuhe und Handtaschen verwendet.<br \/>\nAlte Klamotten deswegen, weil Mama da sehr heikel war, was ihre Garderobe anbelangt, aber ein paar alte R\u00f6cke, Blusen oder Kleider fand ich im Schrank immer wieder.<\/p>\n<p>In der Adventzeit \u00fcberkam mich mal wieder die Verkleidungslust und ich st\u00f6berte in Mutters Kleiderschrank und pl\u00f6tzlich lag sie vor mir, die so sehnlich herbei gew\u00fcnschte Schultasche. Meine Augen wurden riesengro\u00df und mein Herz klopft ganz laut.<br \/>\nWie kam denn diese wundersch\u00f6ne, hellbraune Ledertasche in den Schrank meiner Mutter ?<br \/>\nKonnte es sein, dass das Christkind schon da gewesen ist ?<br \/>\nAber wieso war sie denn nicht verpackt, in dieses herrlich raschelnde Weihnachtspapier mit der sch\u00f6nen Schleife drauf ?<\/p>\n<p>Und da fiel es mir wie Schuppen von den Augen ?<br \/>\nKonnte es sein, dass diese Tasche meine Eltern gekauft hatten &#8211; und es gar kein Christkind gab ?<\/p>\n<p>Mein Schulfreund Ernsti hatte erst vor ein paar Tagen so eine komische Andeutung gemacht und gemeint, nur Babys glauben, dass es ein Christkind gibt.<br \/>\nOffenbar war ich nun kein Baby mehr, aber die Entt\u00e4uschung in meinem Herz war riesengro\u00df.<\/p>\n<p>Im Laufe des Advents sammelten sich im Kasten meiner Mutter noch eine Menge anderer Geschenke, bis ins letzte Detail wusste ich was mich unter dem Christbaum erwartete.<br \/>\nKlar freute ich mich \u00fcber die Geschenke, vor allem \u00fcber die Schultasche, aber Weihnachten war ab da nicht mehr das was es vorher war.<\/p>\n<p>Niemand hat mich aufgekl\u00e4rt, niemand hat mir konkret erz\u00e4hlt, dass es kein Christkind gab. Meine Eltern gaben sich weiterhin alle M\u00fche, dass ich weiterhin *glaubte* und ich hab ihnen die Freude gemacht und so getan, als ob ich es t\u00e4te.<\/p>\n<p>Irgendwann hab ich mich ger\u00e4cht &#8211; als mein Bruder so ca.  8 Jahre alt war, da hab ich ihm die Verstecke meiner  Mutter gezeigt &#8211; und ab da glaube er es nat\u00fcrlich auch nicht mehr, dass es ein Christkind gab.<br \/>\nEines Tages d\u00fcrfte meine Mutter allerdings unser *Gestirl* bemerkt haben, denn ab da waren die Weihnachtsgeschenke nicht mehr offen in ihrem Schrank, sondern immer gleich verpackt, so dass man nur noch ahnen konnte was drinnen war.<br \/>\nAber den Glauben ans Christkind gab uns das auch nicht mehr zur\u00fcck.<\/p>\n","protected":false},"excerpt":{"rendered":"<p>Ich war ca. 8 oder vielleicht auch schon 9 Jahre und die Weihnachtszeit war f\u00fcr mich etwas ganz Besonderes. Damals glaubte ich auch noch an das Christkind. Meine Eltern gaben sich auch ganz besondere M\u00fche, mir diesen Glauben zu erhalten, auch damit meinem kleiner Bruder, der damals erst vier Jahre alt war, dieser Glaube noch lange erhalten bleiben m\u00f6ge. Vor<\/p>\n","protected":false},"author":1,"featured_media":0,"comment_status":"open","ping_status":"open","sticky":false,"template":"","format":"standard","meta":{"footnotes":""},"categories":[1],"tags":[],"post_mailing_queue_ids":[],"_links":{"self":[{"href":"https:\/\/peggytalk.peggy-forum.at\/index.php?rest_route=\/wp\/v2\/posts\/1134"}],"collection":[{"href":"https:\/\/peggytalk.peggy-forum.at\/index.php?rest_route=\/wp\/v2\/posts"}],"about":[{"href":"https:\/\/peggytalk.peggy-forum.at\/index.php?rest_route=\/wp\/v2\/types\/post"}],"author":[{"embeddable":true,"href":"https:\/\/peggytalk.peggy-forum.at\/index.php?rest_route=\/wp\/v2\/users\/1"}],"replies":[{"embeddable":true,"href":"https:\/\/peggytalk.peggy-forum.at\/index.php?rest_route=%2Fwp%2Fv2%2Fcomments&post=1134"}],"version-history":[{"count":4,"href":"https:\/\/peggytalk.peggy-forum.at\/index.php?rest_route=\/wp\/v2\/posts\/1134\/revisions"}],"predecessor-version":[{"id":1153,"href":"https:\/\/peggytalk.peggy-forum.at\/index.php?rest_route=\/wp\/v2\/posts\/1134\/revisions\/1153"}],"wp:attachment":[{"href":"https:\/\/peggytalk.peggy-forum.at\/index.php?rest_route=%2Fwp%2Fv2%2Fmedia&parent=1134"}],"wp:term":[{"taxonomy":"category","embeddable":true,"href":"https:\/\/peggytalk.peggy-forum.at\/index.php?rest_route=%2Fwp%2Fv2%2Fcategories&post=1134"},{"taxonomy":"post_tag","embeddable":true,"href":"https:\/\/peggytalk.peggy-forum.at\/index.php?rest_route=%2Fwp%2Fv2%2Ftags&post=1134"}],"curies":[{"name":"wp","href":"https:\/\/api.w.org\/{rel}","templated":true}]}}