{"id":10266,"date":"2021-03-29T12:15:21","date_gmt":"2021-03-29T10:15:21","guid":{"rendered":"https:\/\/peggytalk.peggy-forum.at\/?p=10266"},"modified":"2021-03-29T01:15:52","modified_gmt":"2021-03-28T23:15:52","slug":"zeitumstellung-4","status":"publish","type":"post","link":"https:\/\/peggytalk.peggy-forum.at\/?p=10266","title":{"rendered":"Zeitumstellung"},"content":{"rendered":"<p><img loading=\"lazy\" decoding=\"async\" class=\"alignright size-full wp-image-3104\" src=\"https:\/\/peggytalk.peggy-forum.at\/wp-content\/uploads\/2014\/03\/IMG_0196.jpg\" alt=\"\" width=\"271\" height=\"300\" srcset=\"https:\/\/peggytalk.peggy-forum.at\/wp-content\/uploads\/2014\/03\/IMG_0196.jpg 271w, https:\/\/peggytalk.peggy-forum.at\/wp-content\/uploads\/2014\/03\/IMG_0196-135x150.jpg 135w\" sizes=\"(max-width: 271px) 100vw, 271px\" \/>Es war mal wieder soweit, wir mussten die Uhren umstellen.<br \/>\nVon Winterzeit, die eigentlich die Normalzeit ist, auf Sommerzeit:<\/p>\n<p>Zwar war in den letzten Jahren mehrmals die Rede davon, dass diese Umstellungen zwei Mal im Jahr abgeschafft werden sollten, aber da man sich innerhalb der EU nicht auf eine gemeinsame Zeit hat einigen k\u00f6nnen, hat man es gleich ganz gelassen:<br \/>\nOk, im Moment hat man andere Sorgen, als sich mit der Winter\/Sommerzeit zu besch\u00e4ftigen.<br \/>\nDie Idee, dass jedes Land selbst bestimmen kann, welche Zeit es haben m\u00f6chte, klang ja ganz nett, wurde aber auch wieder verworfen.<\/p>\n<p>So werden wir bestimmt noch ein paar Jahre im Fr\u00fchling die Zeit eine Stunde vor und im Herbst eine Stunde zur\u00fcck stellen.<\/p>\n<p>Mir pers\u00f6nlich ist ja die Winterzeit bei weitem lieber, weil sie einfach meinem pers\u00f6nlichen Rhythmus n\u00e4her ist, aber ich wei\u00df, dass viele Menschen die Sommerzeit bevorzugen w\u00fcrden, weil man denkt dass es da l\u00e4nger hell bliebe.<br \/>\nMag sein, allerdings wird es dann im Winter wesentlich sp\u00e4ter hell.<br \/>\nWie dem auch sei, es wird wie immer, ein paar Leute geben die zufrieden sind und andere werden schreien, das will ich nicht.<\/p>\n<p>Man muss es nehmen wie es kommt !<\/p>\n","protected":false},"excerpt":{"rendered":"<p>Es war mal wieder soweit, wir mussten die Uhren umstellen. Von Winterzeit, die eigentlich die Normalzeit ist, auf Sommerzeit: Zwar war in den letzten Jahren mehrmals die Rede davon, dass diese Umstellungen zwei Mal im Jahr abgeschafft werden sollten, aber da man sich innerhalb der EU nicht auf eine gemeinsame Zeit hat einigen k\u00f6nnen, hat man es gleich ganz gelassen:<\/p>\n","protected":false},"author":1,"featured_media":0,"comment_status":"open","ping_status":"closed","sticky":false,"template":"","format":"standard","meta":{"footnotes":""},"categories":[1,207],"tags":[],"post_mailing_queue_ids":[],"_links":{"self":[{"href":"https:\/\/peggytalk.peggy-forum.at\/index.php?rest_route=\/wp\/v2\/posts\/10266"}],"collection":[{"href":"https:\/\/peggytalk.peggy-forum.at\/index.php?rest_route=\/wp\/v2\/posts"}],"about":[{"href":"https:\/\/peggytalk.peggy-forum.at\/index.php?rest_route=\/wp\/v2\/types\/post"}],"author":[{"embeddable":true,"href":"https:\/\/peggytalk.peggy-forum.at\/index.php?rest_route=\/wp\/v2\/users\/1"}],"replies":[{"embeddable":true,"href":"https:\/\/peggytalk.peggy-forum.at\/index.php?rest_route=%2Fwp%2Fv2%2Fcomments&post=10266"}],"version-history":[{"count":2,"href":"https:\/\/peggytalk.peggy-forum.at\/index.php?rest_route=\/wp\/v2\/posts\/10266\/revisions"}],"predecessor-version":[{"id":10268,"href":"https:\/\/peggytalk.peggy-forum.at\/index.php?rest_route=\/wp\/v2\/posts\/10266\/revisions\/10268"}],"wp:attachment":[{"href":"https:\/\/peggytalk.peggy-forum.at\/index.php?rest_route=%2Fwp%2Fv2%2Fmedia&parent=10266"}],"wp:term":[{"taxonomy":"category","embeddable":true,"href":"https:\/\/peggytalk.peggy-forum.at\/index.php?rest_route=%2Fwp%2Fv2%2Fcategories&post=10266"},{"taxonomy":"post_tag","embeddable":true,"href":"https:\/\/peggytalk.peggy-forum.at\/index.php?rest_route=%2Fwp%2Fv2%2Ftags&post=10266"}],"curies":[{"name":"wp","href":"https:\/\/api.w.org\/{rel}","templated":true}]}}